{"id":3950,"date":"2026-08-27T19:26:45","date_gmt":"2026-08-27T19:26:45","guid":{"rendered":"https:\/\/parafiaustrzyki.pl\/?p=3950"},"modified":"2026-08-27T19:26:45","modified_gmt":"2026-08-27T19:26:45","slug":"komancza-uczcila-70-rocznice-jasnogorskich-slubow-narodu-polskiego","status":"publish","type":"post","link":"https:\/\/parafiaustrzyki.pl\/index.php\/2026\/08\/27\/komancza-uczcila-70-rocznice-jasnogorskich-slubow-narodu-polskiego\/","title":{"rendered":"KOMA\u0143CZA UCZCI\u0141A 70. ROCZNIC\u0118 JASNOG\u00d3RSKICH \u015aLUB\u00d3W NARODU POLSKIEGO"},"content":{"rendered":"<p style=\"text-align: justify;\"><strong>26 sierpnia 2026 roku<\/strong> w Koma\u0144czy odby\u0142y si\u0119 uroczysto\u015bci upami\u0119tniaj\u0105ce 70. rocznic\u0119 Jasnog\u00f3rskich \u015alub\u00f3w Narodu Polskiego. To w\u0142a\u015bnie tutaj, podczas internowania, kardyna\u0142 Stefan Wyszy\u0144ski przygotowa\u0142 tekst \u015alub\u00f3w, kt\u00f3re 26 sierpnia 1956 roku zosta\u0142y uroczy\u015bcie z\u0142o\u017cone na Jasnej G\u00f3rze.<\/p>\n<p style=\"text-align: justify;\">Obchody rozpocz\u0119\u0142y si\u0119 Msz\u0105 \u015awi\u0119t\u0105 polow\u0105, po kt\u00f3rej odby\u0142 si\u0119 koncert \u201eWiara, Nadzieja i Mi\u0142o\u015b\u0107\u201d z udzia\u0142em Orkiestry Filharmonii Podkarpackiej oraz zaproszonych artyst\u00f3w. Uroczysto\u015bci zako\u0144czy\u0142 Apel Jasnog\u00f3rski.<\/p>\n<p>Pe\u0142ny tekst relacji oraz galeria <a href=\"https:\/\/czeslawurban.pl\/index.php\/2026\/08\/26\/komancza-uczcila-70-rocznice-jasnogorskich-slubow-narodu-polskiego\/\" target=\"_blank\" rel=\"noopener\"><strong>tutaj&gt;&gt;&nbsp;<\/strong><\/a><\/p>\n","protected":false},"excerpt":{"rendered":"<p>26 sierpnia 2026 roku w Koma\u0144czy odby\u0142y si\u0119 uroczysto\u015bci upami\u0119tniaj\u0105ce 70. rocznic\u0119 Jasnog\u00f3rskich \u015alub\u00f3w Narodu Polskiego. To w\u0142a\u015bnie tutaj, podczas internowania, kardyna\u0142 Stefan Wyszy\u0144ski przygotowa\u0142 tekst \u015alub\u00f3w, kt\u00f3re 26 sierpnia 1956 roku zosta\u0142y uroczy\u015bcie z\u0142o\u017cone na Jasnej G\u00f3rze. Obchody rozpocz\u0119\u0142y si\u0119 Msz\u0105 \u015awi\u0119t\u0105 polow\u0105, po kt\u00f3rej odby\u0142 si\u0119 koncert \u201eWiara, &hellip;<\/p>\n","protected":false},"author":2,"featured_media":3951,"comment_status":"closed","ping_status":"closed","sticky":false,"template":"","format":"standard","meta":{"ngg_post_thumbnail":0,"footnotes":"","jetpack_post_was_ever_published":false},"categories":[6],"tags":[],"class_list":["post-3950","post","type-post","status-publish","format-standard","has-post-thumbnail","hentry","category-aktualnosci"],"yoast_head":"<!-- This site is optimized with the Yoast SEO plugin v28.3 - https:\/\/yoast.com\/product\/yoast-seo-wordpress\/ -->\n<title>KOMA\u0143CZA UCZCI\u0141A 70. ROCZNIC\u0118 JASNOG\u00d3RSKICH \u015aLUB\u00d3W NARODU POLSKIEGO - Parafia pw. NMP Kr\u00f3lowej Polski w Ustrzykach Dolnych<\/title>\n<meta name=\"robots\" content=\"index, follow, max-snippet:-1, max-image-preview:large, max-video-preview:-1\" \/>\n<link rel=\"canonical\" href=\"https:\/\/parafiaustrzyki.pl\/index.php\/2026\/08\/27\/komancza-uczcila-70-rocznice-jasnogorskich-slubow-narodu-polskiego\/\" \/>\n<meta property=\"og:locale\" content=\"pl_PL\" \/>\n<meta property=\"og:type\" content=\"article\" \/>\n<meta property=\"og:title\" content=\"KOMA\u0143CZA UCZCI\u0141A 70. ROCZNIC\u0118 JASNOG\u00d3RSKICH \u015aLUB\u00d3W NARODU POLSKIEGO - Parafia pw. NMP Kr\u00f3lowej Polski w Ustrzykach Dolnych\" \/>\n<meta property=\"og:description\" content=\"26 sierpnia 2026 roku w Koma\u0144czy odby\u0142y si\u0119 uroczysto\u015bci upami\u0119tniaj\u0105ce 70. rocznic\u0119 Jasnog\u00f3rskich \u015alub\u00f3w Narodu Polskiego. To w\u0142a\u015bnie tutaj, podczas internowania, kardyna\u0142 Stefan Wyszy\u0144ski przygotowa\u0142 tekst \u015alub\u00f3w, kt\u00f3re 26 sierpnia 1956 roku zosta\u0142y uroczy\u015bcie z\u0142o\u017cone na Jasnej G\u00f3rze. Obchody rozpocz\u0119\u0142y si\u0119 Msz\u0105 \u015awi\u0119t\u0105 polow\u0105, po kt\u00f3rej odby\u0142 si\u0119 koncert \u201eWiara, &hellip;\" \/>\n<meta property=\"og:url\" content=\"https:\/\/parafiaustrzyki.pl\/index.php\/2026\/08\/27\/komancza-uczcila-70-rocznice-jasnogorskich-slubow-narodu-polskiego\/\" \/>\n<meta property=\"og:site_name\" content=\"Parafia pw. NMP Kr\u00f3lowej Polski w Ustrzykach Dolnych\" \/>\n<meta property=\"article:published_time\" content=\"2026-08-27T19:26:45+00:00\" \/>\n<meta property=\"og:image\" content=\"https:\/\/parafiaustrzyki.pl\/wp-content\/uploads\/Komancza.png\" \/>\n\t<meta property=\"og:image:width\" content=\"530\" \/>\n\t<meta property=\"og:image:height\" content=\"353\" \/>\n\t<meta property=\"og:image:type\" content=\"image\/png\" \/>\n<meta name=\"author\" content=\"admin\" \/>\n<meta name=\"twitter:card\" content=\"summary_large_image\" \/>\n<meta name=\"twitter:label1\" content=\"Napisane przez\" \/>\n\t<meta name=\"twitter:data1\" content=\"admin\" \/>\n\t<meta name=\"twitter:label2\" content=\"Szacowany czas czytania\" \/>\n\t<meta name=\"twitter:data2\" content=\"1 minuta\" \/>\n<script type=\"application\/ld+json\" class=\"yoast-schema-graph\">{\"@context\":\"https:\\\/\\\/schema.org\",\"@graph\":[{\"@type\":\"Article\",\"@id\":\"https:\\\/\\\/parafiaustrzyki.pl\\\/index.php\\\/2026\\\/08\\\/27\\\/komancza-uczcila-70-rocznice-jasnogorskich-slubow-narodu-polskiego\\\/#article\",\"isPartOf\":{\"@id\":\"https:\\\/\\\/parafiaustrzyki.pl\\\/index.php\\\/2026\\\/08\\\/27\\\/komancza-uczcila-70-rocznice-jasnogorskich-slubow-narodu-polskiego\\\/\"},\"author\":{\"name\":\"admin\",\"@id\":\"https:\\\/\\\/parafiaustrzyki.pl\\\/#\\\/schema\\\/person\\\/0093e7d61a4c4ca9a64b71422f505800\"},\"headline\":\"KOMA\u0143CZA UCZCI\u0141A 70. ROCZNIC\u0118 JASNOG\u00d3RSKICH \u015aLUB\u00d3W NARODU POLSKIEGO\",\"datePublished\":\"2026-08-27T19:26:45+00:00\",\"mainEntityOfPage\":{\"@id\":\"https:\\\/\\\/parafiaustrzyki.pl\\\/index.php\\\/2026\\\/08\\\/27\\\/komancza-uczcila-70-rocznice-jasnogorskich-slubow-narodu-polskiego\\\/\"},\"wordCount\":107,\"image\":{\"@id\":\"https:\\\/\\\/parafiaustrzyki.pl\\\/index.php\\\/2026\\\/08\\\/27\\\/komancza-uczcila-70-rocznice-jasnogorskich-slubow-narodu-polskiego\\\/#primaryimage\"},\"thumbnailUrl\":\"https:\\\/\\\/parafiaustrzyki.pl\\\/wp-content\\\/uploads\\\/Komancza.png\",\"articleSection\":[\"Aktualno\u015bci\"],\"inLanguage\":\"pl-PL\"},{\"@type\":\"WebPage\",\"@id\":\"https:\\\/\\\/parafiaustrzyki.pl\\\/index.php\\\/2026\\\/08\\\/27\\\/komancza-uczcila-70-rocznice-jasnogorskich-slubow-narodu-polskiego\\\/\",\"url\":\"https:\\\/\\\/parafiaustrzyki.pl\\\/index.php\\\/2026\\\/08\\\/27\\\/komancza-uczcila-70-rocznice-jasnogorskich-slubow-narodu-polskiego\\\/\",\"name\":\"KOMA\u0143CZA UCZCI\u0141A 70. ROCZNIC\u0118 JASNOG\u00d3RSKICH \u015aLUB\u00d3W NARODU POLSKIEGO - Parafia pw. NMP Kr\u00f3lowej Polski w Ustrzykach Dolnych\",\"isPartOf\":{\"@id\":\"https:\\\/\\\/parafiaustrzyki.pl\\\/#website\"},\"primaryImageOfPage\":{\"@id\":\"https:\\\/\\\/parafiaustrzyki.pl\\\/index.php\\\/2026\\\/08\\\/27\\\/komancza-uczcila-70-rocznice-jasnogorskich-slubow-narodu-polskiego\\\/#primaryimage\"},\"image\":{\"@id\":\"https:\\\/\\\/parafiaustrzyki.pl\\\/index.php\\\/2026\\\/08\\\/27\\\/komancza-uczcila-70-rocznice-jasnogorskich-slubow-narodu-polskiego\\\/#primaryimage\"},\"thumbnailUrl\":\"https:\\\/\\\/parafiaustrzyki.pl\\\/wp-content\\\/uploads\\\/Komancza.png\",\"datePublished\":\"2026-08-27T19:26:45+00:00\",\"author\":{\"@id\":\"https:\\\/\\\/parafiaustrzyki.pl\\\/#\\\/schema\\\/person\\\/0093e7d61a4c4ca9a64b71422f505800\"},\"breadcrumb\":{\"@id\":\"https:\\\/\\\/parafiaustrzyki.pl\\\/index.php\\\/2026\\\/08\\\/27\\\/komancza-uczcila-70-rocznice-jasnogorskich-slubow-narodu-polskiego\\\/#breadcrumb\"},\"inLanguage\":\"pl-PL\",\"potentialAction\":[{\"@type\":\"ReadAction\",\"target\":[\"https:\\\/\\\/parafiaustrzyki.pl\\\/index.php\\\/2026\\\/08\\\/27\\\/komancza-uczcila-70-rocznice-jasnogorskich-slubow-narodu-polskiego\\\/\"]}]},{\"@type\":\"ImageObject\",\"inLanguage\":\"pl-PL\",\"@id\":\"https:\\\/\\\/parafiaustrzyki.pl\\\/index.php\\\/2026\\\/08\\\/27\\\/komancza-uczcila-70-rocznice-jasnogorskich-slubow-narodu-polskiego\\\/#primaryimage\",\"url\":\"https:\\\/\\\/parafiaustrzyki.pl\\\/wp-content\\\/uploads\\\/Komancza.png\",\"contentUrl\":\"https:\\\/\\\/parafiaustrzyki.pl\\\/wp-content\\\/uploads\\\/Komancza.png\",\"width\":530,\"height\":353},{\"@type\":\"BreadcrumbList\",\"@id\":\"https:\\\/\\\/parafiaustrzyki.pl\\\/index.php\\\/2026\\\/08\\\/27\\\/komancza-uczcila-70-rocznice-jasnogorskich-slubow-narodu-polskiego\\\/#breadcrumb\",\"itemListElement\":[{\"@type\":\"ListItem\",\"position\":1,\"name\":\"Strona g\u0142\u00f3wna\",\"item\":\"https:\\\/\\\/parafiaustrzyki.pl\\\/\"},{\"@type\":\"ListItem\",\"position\":2,\"name\":\"KOMA\u0143CZA UCZCI\u0141A 70. ROCZNIC\u0118 JASNOG\u00d3RSKICH \u015aLUB\u00d3W NARODU POLSKIEGO\"}]},{\"@type\":\"WebSite\",\"@id\":\"https:\\\/\\\/parafiaustrzyki.pl\\\/#website\",\"url\":\"https:\\\/\\\/parafiaustrzyki.pl\\\/\",\"name\":\"Parafia pw. NMP Kr\u00f3lowej Polski w Ustrzykach Dolnych\",\"description\":\"Witamy w naszej parafii\",\"potentialAction\":[{\"@type\":\"SearchAction\",\"target\":{\"@type\":\"EntryPoint\",\"urlTemplate\":\"https:\\\/\\\/parafiaustrzyki.pl\\\/?s={search_term_string}\"},\"query-input\":{\"@type\":\"PropertyValueSpecification\",\"valueRequired\":true,\"valueName\":\"search_term_string\"}}],\"inLanguage\":\"pl-PL\"},{\"@type\":\"Person\",\"@id\":\"https:\\\/\\\/parafiaustrzyki.pl\\\/#\\\/schema\\\/person\\\/0093e7d61a4c4ca9a64b71422f505800\",\"name\":\"admin\",\"sameAs\":[\"https:\\\/\\\/parafiaustrzyki.pl\"],\"url\":\"https:\\\/\\\/parafiaustrzyki.pl\\\/index.php\\\/author\\\/admin-2\\\/\"}]}<\/script>\n<!-- \/ Yoast SEO plugin. -->","yoast_head_json":{"title":"KOMA\u0143CZA UCZCI\u0141A 70. ROCZNIC\u0118 JASNOG\u00d3RSKICH \u015aLUB\u00d3W NARODU POLSKIEGO - Parafia pw. NMP Kr\u00f3lowej Polski w Ustrzykach Dolnych","robots":{"index":"index","follow":"follow","max-snippet":"max-snippet:-1","max-image-preview":"max-image-preview:large","max-video-preview":"max-video-preview:-1"},"canonical":"https:\/\/parafiaustrzyki.pl\/index.php\/2026\/08\/27\/komancza-uczcila-70-rocznice-jasnogorskich-slubow-narodu-polskiego\/","og_locale":"pl_PL","og_type":"article","og_title":"KOMA\u0143CZA UCZCI\u0141A 70. ROCZNIC\u0118 JASNOG\u00d3RSKICH \u015aLUB\u00d3W NARODU POLSKIEGO - Parafia pw. NMP Kr\u00f3lowej Polski w Ustrzykach Dolnych","og_description":"26 sierpnia 2026 roku w Koma\u0144czy odby\u0142y si\u0119 uroczysto\u015bci upami\u0119tniaj\u0105ce 70. rocznic\u0119 Jasnog\u00f3rskich \u015alub\u00f3w Narodu Polskiego. To w\u0142a\u015bnie tutaj, podczas internowania, kardyna\u0142 Stefan Wyszy\u0144ski przygotowa\u0142 tekst \u015alub\u00f3w, kt\u00f3re 26 sierpnia 1956 roku zosta\u0142y uroczy\u015bcie z\u0142o\u017cone na Jasnej G\u00f3rze. Obchody rozpocz\u0119\u0142y si\u0119 Msz\u0105 \u015awi\u0119t\u0105 polow\u0105, po kt\u00f3rej odby\u0142 si\u0119 koncert \u201eWiara, &hellip;","og_url":"https:\/\/parafiaustrzyki.pl\/index.php\/2026\/08\/27\/komancza-uczcila-70-rocznice-jasnogorskich-slubow-narodu-polskiego\/","og_site_name":"Parafia pw. NMP Kr\u00f3lowej Polski w Ustrzykach Dolnych","article_published_time":"2026-08-27T19:26:45+00:00","og_image":[{"width":530,"height":353,"url":"https:\/\/parafiaustrzyki.pl\/wp-content\/uploads\/Komancza.png","type":"image\/png"}],"author":"admin","twitter_card":"summary_large_image","twitter_misc":{"Napisane przez":"admin","Szacowany czas czytania":"1 minuta"},"schema":{"@context":"https:\/\/schema.org","@graph":[{"@type":"Article","@id":"https:\/\/parafiaustrzyki.pl\/index.php\/2026\/08\/27\/komancza-uczcila-70-rocznice-jasnogorskich-slubow-narodu-polskiego\/#article","isPartOf":{"@id":"https:\/\/parafiaustrzyki.pl\/index.php\/2026\/08\/27\/komancza-uczcila-70-rocznice-jasnogorskich-slubow-narodu-polskiego\/"},"author":{"name":"admin","@id":"https:\/\/parafiaustrzyki.pl\/#\/schema\/person\/0093e7d61a4c4ca9a64b71422f505800"},"headline":"KOMA\u0143CZA UCZCI\u0141A 70. ROCZNIC\u0118 JASNOG\u00d3RSKICH \u015aLUB\u00d3W NARODU POLSKIEGO","datePublished":"2026-08-27T19:26:45+00:00","mainEntityOfPage":{"@id":"https:\/\/parafiaustrzyki.pl\/index.php\/2026\/08\/27\/komancza-uczcila-70-rocznice-jasnogorskich-slubow-narodu-polskiego\/"},"wordCount":107,"image":{"@id":"https:\/\/parafiaustrzyki.pl\/index.php\/2026\/08\/27\/komancza-uczcila-70-rocznice-jasnogorskich-slubow-narodu-polskiego\/#primaryimage"},"thumbnailUrl":"https:\/\/parafiaustrzyki.pl\/wp-content\/uploads\/Komancza.png","articleSection":["Aktualno\u015bci"],"inLanguage":"pl-PL"},{"@type":"WebPage","@id":"https:\/\/parafiaustrzyki.pl\/index.php\/2026\/08\/27\/komancza-uczcila-70-rocznice-jasnogorskich-slubow-narodu-polskiego\/","url":"https:\/\/parafiaustrzyki.pl\/index.php\/2026\/08\/27\/komancza-uczcila-70-rocznice-jasnogorskich-slubow-narodu-polskiego\/","name":"KOMA\u0143CZA UCZCI\u0141A 70. ROCZNIC\u0118 JASNOG\u00d3RSKICH \u015aLUB\u00d3W NARODU POLSKIEGO - Parafia pw. NMP Kr\u00f3lowej Polski w Ustrzykach Dolnych","isPartOf":{"@id":"https:\/\/parafiaustrzyki.pl\/#website"},"primaryImageOfPage":{"@id":"https:\/\/parafiaustrzyki.pl\/index.php\/2026\/08\/27\/komancza-uczcila-70-rocznice-jasnogorskich-slubow-narodu-polskiego\/#primaryimage"},"image":{"@id":"https:\/\/parafiaustrzyki.pl\/index.php\/2026\/08\/27\/komancza-uczcila-70-rocznice-jasnogorskich-slubow-narodu-polskiego\/#primaryimage"},"thumbnailUrl":"https:\/\/parafiaustrzyki.pl\/wp-content\/uploads\/Komancza.png","datePublished":"2026-08-27T19:26:45+00:00","author":{"@id":"https:\/\/parafiaustrzyki.pl\/#\/schema\/person\/0093e7d61a4c4ca9a64b71422f505800"},"breadcrumb":{"@id":"https:\/\/parafiaustrzyki.pl\/index.php\/2026\/08\/27\/komancza-uczcila-70-rocznice-jasnogorskich-slubow-narodu-polskiego\/#breadcrumb"},"inLanguage":"pl-PL","potentialAction":[{"@type":"ReadAction","target":["https:\/\/parafiaustrzyki.pl\/index.php\/2026\/08\/27\/komancza-uczcila-70-rocznice-jasnogorskich-slubow-narodu-polskiego\/"]}]},{"@type":"ImageObject","inLanguage":"pl-PL","@id":"https:\/\/parafiaustrzyki.pl\/index.php\/2026\/08\/27\/komancza-uczcila-70-rocznice-jasnogorskich-slubow-narodu-polskiego\/#primaryimage","url":"https:\/\/parafiaustrzyki.pl\/wp-content\/uploads\/Komancza.png","contentUrl":"https:\/\/parafiaustrzyki.pl\/wp-content\/uploads\/Komancza.png","width":530,"height":353},{"@type":"BreadcrumbList","@id":"https:\/\/parafiaustrzyki.pl\/index.php\/2026\/08\/27\/komancza-uczcila-70-rocznice-jasnogorskich-slubow-narodu-polskiego\/#breadcrumb","itemListElement":[{"@type":"ListItem","position":1,"name":"Strona g\u0142\u00f3wna","item":"https:\/\/parafiaustrzyki.pl\/"},{"@type":"ListItem","position":2,"name":"KOMA\u0143CZA UCZCI\u0141A 70. ROCZNIC\u0118 JASNOG\u00d3RSKICH \u015aLUB\u00d3W NARODU POLSKIEGO"}]},{"@type":"WebSite","@id":"https:\/\/parafiaustrzyki.pl\/#website","url":"https:\/\/parafiaustrzyki.pl\/","name":"Parafia pw. NMP Kr\u00f3lowej Polski w Ustrzykach Dolnych","description":"Witamy w naszej parafii","potentialAction":[{"@type":"SearchAction","target":{"@type":"EntryPoint","urlTemplate":"https:\/\/parafiaustrzyki.pl\/?s={search_term_string}"},"query-input":{"@type":"PropertyValueSpecification","valueRequired":true,"valueName":"search_term_string"}}],"inLanguage":"pl-PL"},{"@type":"Person","@id":"https:\/\/parafiaustrzyki.pl\/#\/schema\/person\/0093e7d61a4c4ca9a64b71422f505800","name":"admin","sameAs":["https:\/\/parafiaustrzyki.pl"],"url":"https:\/\/parafiaustrzyki.pl\/index.php\/author\/admin-2\/"}]}},"jetpack-related-posts":[{"id":3894,"url":"https:\/\/parafiaustrzyki.pl\/index.php\/2026\/08\/21\/zaproszenie-do-udzialu-w-obchodach-70-rocznicy-jasnogorskich-slubow-narodu-polskiego-edytuj-zaproszenie-do-udzialu-w-obchodach-70-rocznicy-jasnogorskich-slubow-narodu-polskiego-zaproszenie-do-ud\/","url_meta":{"origin":3950,"position":0},"title":"ZAPROSZENIE DO UDZIA\u0141U W OBCHODACH 70. ROCZNICY JASNOG\u00d3RSKICH \u015aLUB\u00d3W NARODU POLSKIEGO","author":"admin","date":"21 sierpnia 2026","format":false,"excerpt":"Stowarzyszenie O\u015brodek My\u015bli Prymasa Stefana Kardyna\u0142a Wyszy\u0144skiego w Koma\u0144czy zaprasza do Koma\u0144czy w dniu 26 sierpnia 2026 roku, do wsp\u00f3lnego prze\u017cywania wyj\u0105tkowego dnia modlitwy, pami\u0119ci i patriotycznej refleksji z okazji 70. rocznicy Jasnog\u00f3rskich \u015alub\u00f3w Narodu Polskiego. Program uroczysto\u015bci: 18:00 \u2013 Uroczysta Msza \u015awi\u0119ta Polowaprzy Szkole Podstawowej im. Kardyna\u0142a Stefana Wyszy\u0144skiego\u2026","rel":"","context":"W \u201eAktualno\u015bci&quot;","block_context":{"text":"Aktualno\u015bci","link":"https:\/\/parafiaustrzyki.pl\/index.php\/category\/aktualnosci\/"},"img":{"alt_text":"","src":"https:\/\/i0.wp.com\/parafiaustrzyki.pl\/wp-content\/uploads\/Komancza_2026_m-1.png?resize=350%2C200&ssl=1","width":350,"height":200,"srcset":"https:\/\/i0.wp.com\/parafiaustrzyki.pl\/wp-content\/uploads\/Komancza_2026_m-1.png?resize=350%2C200&ssl=1 1x, https:\/\/i0.wp.com\/parafiaustrzyki.pl\/wp-content\/uploads\/Komancza_2026_m-1.png?resize=525%2C300&ssl=1 1.5x"},"classes":[]},{"id":3910,"url":"https:\/\/parafiaustrzyki.pl\/index.php\/2026\/08\/15\/rajd-rowerowy-w-106-rocznice-bitwy-orlat-lwowskich\/","url_meta":{"origin":3950,"position":1},"title":"RAJD ROWEROWY W 106. ROCZNIC\u0118 BITWY \u201eORL\u0104T LWOWSKICH&#8221;","author":"admin","date":"15 sierpnia 2026","format":false,"excerpt":"Stowarzyszenie Pami\u0119ci Polskich Termopil i Kres\u00f3w w Przemy\u015blu zapraszaj\u0105 cz\u0142onk\u00f3w i sympatyk\u00f3w do uczestnictwa w Zadw\u00f3rza\u0144skim Rajdzie Rowerowym w 106. Rocznic\u0119 Bitwy \u201eOrl\u0105t Lwowskich\u201d, kt\u00f3ry odb\u0119dzie si\u0119 w dniach 22-23 sierpnia. Uczestnicy rajdu wyruszaj\u0105 z Przemy\u015bla do Zadw\u00f3rza k\/ Ustrzyk Dolnych.23 sierpnia czyli w przysz\u0142\u0105 niedziel\u0119 b\u0119dziemy go\u015bci\u0107 uczestnik\u00f3w rajdu\u2026","rel":"","context":"W \u201eAktualno\u015bci&quot;","block_context":{"text":"Aktualno\u015bci","link":"https:\/\/parafiaustrzyki.pl\/index.php\/category\/aktualnosci\/"},"img":{"alt_text":"","src":"https:\/\/i0.wp.com\/parafiaustrzyki.pl\/wp-content\/uploads\/zaproszenie_Zadworze.png?resize=350%2C200&ssl=1","width":350,"height":200,"srcset":"https:\/\/i0.wp.com\/parafiaustrzyki.pl\/wp-content\/uploads\/zaproszenie_Zadworze.png?resize=350%2C200&ssl=1 1x, https:\/\/i0.wp.com\/parafiaustrzyki.pl\/wp-content\/uploads\/zaproszenie_Zadworze.png?resize=525%2C300&ssl=1 1.5x"},"classes":[]},{"id":3766,"url":"https:\/\/parafiaustrzyki.pl\/index.php\/2026\/06\/21\/akcja-katolicka-archidiecezji-przemyskiej-pielgrzymowala-do-czestochowy\/","url_meta":{"origin":3950,"position":2},"title":"PRZEDSTAWICIELE AKCJI KATOLICKIEJ Z NASZEJ PARAFII PIELGRZYMOWALI DO CZ\u0118STOCHOWY","author":"admin","date":"21 czerwca 2026","format":false,"excerpt":"XXX Jubileuszowa Og\u00f3lnopolska Pielgrzymka Akcji Katolickiej zgromadzi\u0142a 19 i 20 czerwca na Jasnej G\u00f3rze przedstawicieli stowarzyszenia z ca\u0142ej Polski. Wydarzenie by\u0142o okazj\u0105 do dzi\u0119kczynienia za 30 lat odrodzenia Akcji Katolickiej w Polsce, wspomnienia jej dotychczasowej drogi oraz zawierzenia dalszej misji Matce Bo\u017cej Cz\u0119stochowskiej. Pielgrzymka rozpocz\u0119\u0142a si\u0119 w pi\u0105tek wieczorem Msz\u0105\u2026","rel":"","context":"W \u201eAktualno\u015bci&quot;","block_context":{"text":"Aktualno\u015bci","link":"https:\/\/parafiaustrzyki.pl\/index.php\/category\/aktualnosci\/"},"img":{"alt_text":"","src":"https:\/\/i0.wp.com\/parafiaustrzyki.pl\/wp-content\/uploads\/Czestochowa_2026.png?resize=350%2C200&ssl=1","width":350,"height":200,"srcset":"https:\/\/i0.wp.com\/parafiaustrzyki.pl\/wp-content\/uploads\/Czestochowa_2026.png?resize=350%2C200&ssl=1 1x, https:\/\/i0.wp.com\/parafiaustrzyki.pl\/wp-content\/uploads\/Czestochowa_2026.png?resize=525%2C300&ssl=1 1.5x"},"classes":[]},{"id":1475,"url":"https:\/\/parafiaustrzyki.pl\/index.php\/2025\/11\/27\/20-lecie-wtz-w-ustrzykach-dolnych-wspolne-dziekczynienie-za-dwie-dekady-pracy-i-przyjazni\/","url_meta":{"origin":3950,"position":3},"title":"20-LECIE WTZ W USTRZYKACH DOLNYCH \u2013 WSP\u00d3LNE DZI\u0118KCZYNIENIE ZA DWIE DEKADY PRACY I PRZYJA\u0179NI","author":"admin","date":"27 listopada 2025","format":false,"excerpt":"Ustrzyki Dolne obchodzi\u0142y niezwyk\u0142\u0105 rocznic\u0119 \u2013 XX-lecie istnienia Warsztat\u00f3w Terapii Zaj\u0119ciowej. To czas pe\u0142en wzrusze\u0144, rado\u015bci i wspomnie\u0144, kt\u00f3re na d\u0142ugo pozostan\u0105 w sercach uczestnik\u00f3w, pracownik\u00f3w i przyjaci\u00f3\u0142 o\u015brodka. Uroczysto\u015bci rozpocz\u0119\u0142y si\u0119 od szczeg\u00f3lnego momentu \u2013 uroczystej Mszy \u015awi\u0119tej sprawowanej w naszym ko\u015bciele parafialnym. W ko\u015bciele zgromadzili si\u0119 uczestnicy warsztat\u00f3w,\u2026","rel":"","context":"W \u201eAktualno\u015bci&quot;","block_context":{"text":"Aktualno\u015bci","link":"https:\/\/parafiaustrzyki.pl\/index.php\/category\/aktualnosci\/"},"img":{"alt_text":"","src":"https:\/\/i0.wp.com\/parafiaustrzyki.pl\/wp-content\/uploads\/WTZ.png?resize=350%2C200&ssl=1","width":350,"height":200,"srcset":"https:\/\/i0.wp.com\/parafiaustrzyki.pl\/wp-content\/uploads\/WTZ.png?resize=350%2C200&ssl=1 1x, https:\/\/i0.wp.com\/parafiaustrzyki.pl\/wp-content\/uploads\/WTZ.png?resize=525%2C300&ssl=1 1.5x"},"classes":[]},{"id":2956,"url":"https:\/\/parafiaustrzyki.pl\/index.php\/2026\/05\/10\/uroczystosci-pogrzebowe-sp-abp-jozefa-michalika\/","url_meta":{"origin":3950,"position":4},"title":"UROCZYSTO\u015aCI POGRZEBOWE \u015aP. ABP. J\u00d3ZEFA MICHALIKA","author":"admin","date":"10 maja 2026","format":false,"excerpt":"W uroczysto\u015bciach pogrzebowych \u015bp. abp. J\u00f3zefa Michalika, kt\u00f3re odby\u0142y si\u0119 w Archikatedrze Przemyskiej, uczestniczyli licznie wierni, duchowie\u0144stwo oraz przedstawiciele w\u0142adz i wsp\u00f3lnot ko\u015bcielnych. W\u015br\u00f3d modl\u0105cych si\u0119 obecni byli r\u00f3wnie\u017c przedstawiciele naszej parafii. Na pocz\u0105tku Eucharystii bp Stanis\u0142aw Jamrozek odczyta\u0142 telegram Ojca \u015awi\u0119tego Leona XIV, kt\u00f3ry zapewni\u0142 o swojej duchowej blisko\u015bci\u2026","rel":"","context":"W \u201eAktualno\u015bci&quot;","block_context":{"text":"Aktualno\u015bci","link":"https:\/\/parafiaustrzyki.pl\/index.php\/category\/aktualnosci\/"},"img":{"alt_text":"","src":"https:\/\/i0.wp.com\/parafiaustrzyki.pl\/wp-content\/uploads\/pogrzeb_michalik.png?resize=350%2C200&ssl=1","width":350,"height":200,"srcset":"https:\/\/i0.wp.com\/parafiaustrzyki.pl\/wp-content\/uploads\/pogrzeb_michalik.png?resize=350%2C200&ssl=1 1x, https:\/\/i0.wp.com\/parafiaustrzyki.pl\/wp-content\/uploads\/pogrzeb_michalik.png?resize=525%2C300&ssl=1 1.5x"},"classes":[]},{"id":2729,"url":"https:\/\/parafiaustrzyki.pl\/index.php\/2026\/05\/02\/uroczystosc-nmp-krolowej-polski-odpust-parafialny\/","url_meta":{"origin":3950,"position":5},"title":"UROCZYSTO\u015a\u0106 NMP KR\u00d3LOWEJ POLSKI &#8211; ODPUST PARAFIALNY","author":"admin","date":"2 maja 2026","format":false,"excerpt":"Dzisiejszego dnia w naszej parafii prze\u017cywali\u015bmy uroczysty odpust parafialny, zwi\u0105zany z Uroczysto\u015bci\u0105 Naj\u015bwi\u0119tszej Maryi Panny Kr\u00f3lowej Polski, kt\u00f3ra w tym roku \u2013 zgodnie z przepisami prawa kanonicznego \u2013 zosta\u0142a przeniesiona z dnia 3 maja. By\u0142 to wyj\u0105tkowy czas modlitwy, wsp\u00f3lnoty i duchowej refleksji nad rol\u0105 Maryi w \u017cyciu Ko\u015bcio\u0142a i\u2026","rel":"","context":"W \u201eAktualno\u015bci&quot;","block_context":{"text":"Aktualno\u015bci","link":"https:\/\/parafiaustrzyki.pl\/index.php\/category\/aktualnosci\/"},"img":{"alt_text":"","src":"https:\/\/i0.wp.com\/parafiaustrzyki.pl\/wp-content\/uploads\/2_maja.png?resize=350%2C200&ssl=1","width":350,"height":200,"srcset":"https:\/\/i0.wp.com\/parafiaustrzyki.pl\/wp-content\/uploads\/2_maja.png?resize=350%2C200&ssl=1 1x, https:\/\/i0.wp.com\/parafiaustrzyki.pl\/wp-content\/uploads\/2_maja.png?resize=525%2C300&ssl=1 1.5x"},"classes":[]}],"jetpack_featured_media_url":"https:\/\/parafiaustrzyki.pl\/wp-content\/uploads\/Komancza.png","_links":{"self":[{"href":"https:\/\/parafiaustrzyki.pl\/index.php\/wp-json\/wp\/v2\/posts\/3950","targetHints":{"allow":["GET"]}}],"collection":[{"href":"https:\/\/parafiaustrzyki.pl\/index.php\/wp-json\/wp\/v2\/posts"}],"about":[{"href":"https:\/\/parafiaustrzyki.pl\/index.php\/wp-json\/wp\/v2\/types\/post"}],"author":[{"embeddable":true,"href":"https:\/\/parafiaustrzyki.pl\/index.php\/wp-json\/wp\/v2\/users\/2"}],"replies":[{"embeddable":true,"href":"https:\/\/parafiaustrzyki.pl\/index.php\/wp-json\/wp\/v2\/comments?post=3950"}],"version-history":[{"count":1,"href":"https:\/\/parafiaustrzyki.pl\/index.php\/wp-json\/wp\/v2\/posts\/3950\/revisions"}],"predecessor-version":[{"id":3952,"href":"https:\/\/parafiaustrzyki.pl\/index.php\/wp-json\/wp\/v2\/posts\/3950\/revisions\/3952"}],"wp:featuredmedia":[{"embeddable":true,"href":"https:\/\/parafiaustrzyki.pl\/index.php\/wp-json\/wp\/v2\/media\/3951"}],"wp:attachment":[{"href":"https:\/\/parafiaustrzyki.pl\/index.php\/wp-json\/wp\/v2\/media?parent=3950"}],"wp:term":[{"taxonomy":"category","embeddable":true,"href":"https:\/\/parafiaustrzyki.pl\/index.php\/wp-json\/wp\/v2\/categories?post=3950"},{"taxonomy":"post_tag","embeddable":true,"href":"https:\/\/parafiaustrzyki.pl\/index.php\/wp-json\/wp\/v2\/tags?post=3950"}],"curies":[{"name":"wp","href":"https:\/\/api.w.org\/{rel}","templated":true}]}}