{"id":3917,"date":"2026-08-16T11:19:09","date_gmt":"2026-08-16T11:19:09","guid":{"rendered":"https:\/\/parafiaustrzyki.pl\/?p=3917"},"modified":"2026-08-16T11:20:46","modified_gmt":"2026-08-16T11:20:46","slug":"imieniny-ksiedza-proboszcza-jacka-i-podziekowanie-za-posluge-ksiedza-wojciecha","status":"publish","type":"post","link":"https:\/\/parafiaustrzyki.pl\/index.php\/2026\/08\/16\/imieniny-ksiedza-proboszcza-jacka-i-podziekowanie-za-posluge-ksiedza-wojciecha\/","title":{"rendered":"IMIENINY KSI\u0118DZA PROBOSZCZA JACKA I PODZI\u0118KOWANIE ZA POS\u0141UG\u0118 KSI\u0118DZA WOJCIECHA"},"content":{"rendered":"<p style=\"text-align: justify;\">W niedziel\u0119, <strong>16 sierpnia<\/strong>, podczas Mszy \u015awi\u0119tej o godz. 11.00 nasza wsp\u00f3lnota parafialna modli\u0142a si\u0119 w spos\u00f3b szczeg\u00f3lny w intencji <strong>Ksi\u0119dza Proboszcza Jacka<\/strong>, prze\u017cywaj\u0105cego w poniedzia\u0142ek swoje imieniny. By\u0142 to r\u00f3wnie\u017c czas wdzi\u0119czno\u015bci za trzy lata pos\u0142ugi wikariuszowskiej<strong> Ksi\u0119dza Wojciecha<\/strong>, kt\u00f3ry opuszcza nasz\u0105 parafi\u0119, aby podj\u0105\u0107 kap\u0142a\u0144skie obowi\u0105zki w nowym miejscu.<\/p>\n<p style=\"text-align: justify;\">Mszy \u015awi\u0119tej przewodniczy\u0142 <strong>o. Maciej Organ<\/strong>, nasz krajan przebywaj\u0105cy na urlopie w swoim domu rodzinnym.<\/p>\n<p style=\"text-align: justify;\">Podczas og\u0142osze\u0144 parafialnych Ksi\u0105dz Proboszcz Jacek podzi\u0119kowa\u0142 Ksi\u0119dzu Wojciechowi za trzy lata pracy i obecno\u015bci w naszej wsp\u00f3lnocie. Zwr\u00f3ci\u0142 uwag\u0119 na Jego du\u017ce zaanga\u017cowanie nie tylko w dzia\u0142alno\u015b\u0107 duszpastersk\u0105, ale tak\u017ce w codzienne sprawy gospodarcze parafii. Ksi\u0105dz Wojciech ch\u0119tnie podejmowa\u0142 r\u00f3\u017cne prace przy ko\u015bciele i plebanii, nie stroni\u0105c r\u00f3wnie\u017c od zwyczajnych obowi\u0105zk\u00f3w, takich jak chocia\u017cby koszenie trawy wok\u00f3\u0142 ko\u015bcio\u0142a i plebanii.<\/p>\n<p style=\"text-align: justify;\">Trzy lata pos\u0142ugi Ksi\u0119dza Wojciecha by\u0142y czasem sprawowania sakrament\u00f3w, g\u0142oszenia S\u0142owa Bo\u017cego, pracy duszpasterskiej, spotka\u0144 z parafianami, ale tak\u017ce wielu zwyczajnych, cz\u0119sto niezauwa\u017calnych dzia\u0142a\u0144 podejmowanych dla dobra naszej wsp\u00f3lnoty. Za t\u0119 obecno\u015b\u0107, \u017cyczliwo\u015b\u0107, prac\u0119 i wszelkie pozostawione dobro wyra\u017camy Mu serdeczn\u0105 wdzi\u0119czno\u015b\u0107.<\/p>\n<p style=\"text-align: justify;\">Po zako\u0144czeniu Eucharystii na plebanii odby\u0142o si\u0119 spotkanie z kap\u0142anami. Przedstawiciele parafii, Akcji Katolickiej i Siostry Serafitki z\u0142o\u017cyli Ksi\u0119dzu Proboszczowi Jackowi serdeczne \u017cyczenia imieninowe, przekazuj\u0105c Mu bukiet kwiat\u00f3w. \u017byczono Mu obfito\u015bci Bo\u017cych \u0142ask, zdrowia, si\u0142 i wytrwa\u0142o\u015bci w dalszej pos\u0142udze duszpasterskiej oraz nieustannej opieki Matki Bo\u017cej.<\/p>\n<p style=\"text-align: justify;\">Spotkanie by\u0142o r\u00f3wnie\u017c okazj\u0105 do osobistego podzi\u0119kowania Ksi\u0119dzu Wojciechowi za trzy lata Jego pos\u0142ugi w naszej parafii. Przedstawiciele Akcji Katolickiej i wsp\u00f3lnoty parafialnej przekazali Mu przygotowany upominek jako wyraz wdzi\u0119czno\u015bci i pami\u0119ci. Nie zabrak\u0142o r\u00f3wnie\u017c serdecznych \u017cycze\u0144 na dalsz\u0105 kap\u0142a\u0144sk\u0105 drog\u0119 \u2013 Bo\u017cego b\u0142ogos\u0142awie\u0144stwa, opieki Matki Naj\u015bwi\u0119tszej, \u017cyczliwych ludzi oraz wielu dobrych i owocnych do\u015bwiadcze\u0144 duszpasterskich w nowej parafii.<\/p>\n<p style=\"text-align: justify;\"><strong>Ksi\u0119dzu Proboszczowi Jackowi z okazji imienin \u017cyczymy wielu \u0142ask Bo\u017cych, zdrowia i rado\u015bci p\u0142yn\u0105cej z kap\u0142a\u0144skiej pos\u0142ugi.<\/strong><\/p>\n<p style=\"text-align: justify;\"><strong>Ksi\u0119dzu Wojciechowi za trzy lata sp\u0119dzone po\u015br\u00f3d nas serdecznie dzi\u0119kujemy. Niech dobro, kt\u00f3rym dzieli\u0142 si\u0119 z nasz\u0105 wsp\u00f3lnot\u0105, towarzyszy Mu r\u00f3wnie\u017c w dalszych latach kap\u0142a\u0144skiej s\u0142u\u017cby, a Pan B\u00f3g prowadzi Go i b\u0142ogos\u0142awi w ka\u017cdym miejscu, do kt\u00f3rego zostanie pos\u0142any.<\/strong><\/p>\n<p style=\"text-align: justify;\"><strong>Szcz\u0119\u015b\u0107 Bo\u017ce!<\/strong><\/p>\n<p><strong>ngg_shortcode_0_placeholder<\/strong><\/p>\n","protected":false},"excerpt":{"rendered":"<p>W niedziel\u0119, 16 sierpnia, podczas Mszy \u015awi\u0119tej o godz. 11.00 nasza wsp\u00f3lnota parafialna modli\u0142a si\u0119 w spos\u00f3b szczeg\u00f3lny w intencji Ksi\u0119dza Proboszcza Jacka, prze\u017cywaj\u0105cego w poniedzia\u0142ek swoje imieniny. By\u0142 to r\u00f3wnie\u017c czas wdzi\u0119czno\u015bci za trzy lata pos\u0142ugi wikariuszowskiej Ksi\u0119dza Wojciecha, kt\u00f3ry opuszcza nasz\u0105 parafi\u0119, aby podj\u0105\u0107 kap\u0142a\u0144skie obowi\u0105zki w nowym &hellip;<\/p>\n","protected":false},"author":2,"featured_media":3918,"comment_status":"closed","ping_status":"closed","sticky":false,"template":"","format":"standard","meta":{"ngg_post_thumbnail":0,"footnotes":"","jetpack_post_was_ever_published":false},"categories":[6],"tags":[],"class_list":["post-3917","post","type-post","status-publish","format-standard","has-post-thumbnail","hentry","category-aktualnosci"],"yoast_head":"<!-- This site is optimized with the Yoast SEO plugin v28.3 - https:\/\/yoast.com\/product\/yoast-seo-wordpress\/ -->\n<title>IMIENINY KSI\u0118DZA PROBOSZCZA JACKA I PODZI\u0118KOWANIE ZA POS\u0141UG\u0118 KSI\u0118DZA WOJCIECHA - Parafia pw. NMP Kr\u00f3lowej Polski w Ustrzykach Dolnych<\/title>\n<meta name=\"robots\" content=\"index, follow, max-snippet:-1, max-image-preview:large, max-video-preview:-1\" \/>\n<link rel=\"canonical\" href=\"https:\/\/parafiaustrzyki.pl\/index.php\/2026\/08\/16\/imieniny-ksiedza-proboszcza-jacka-i-podziekowanie-za-posluge-ksiedza-wojciecha\/\" \/>\n<meta property=\"og:locale\" content=\"pl_PL\" \/>\n<meta property=\"og:type\" content=\"article\" \/>\n<meta property=\"og:title\" content=\"IMIENINY KSI\u0118DZA PROBOSZCZA JACKA I PODZI\u0118KOWANIE ZA POS\u0141UG\u0118 KSI\u0118DZA WOJCIECHA - Parafia pw. NMP Kr\u00f3lowej Polski w Ustrzykach Dolnych\" \/>\n<meta property=\"og:description\" content=\"W niedziel\u0119, 16 sierpnia, podczas Mszy \u015awi\u0119tej o godz. 11.00 nasza wsp\u00f3lnota parafialna modli\u0142a si\u0119 w spos\u00f3b szczeg\u00f3lny w intencji Ksi\u0119dza Proboszcza Jacka, prze\u017cywaj\u0105cego w poniedzia\u0142ek swoje imieniny. By\u0142 to r\u00f3wnie\u017c czas wdzi\u0119czno\u015bci za trzy lata pos\u0142ugi wikariuszowskiej Ksi\u0119dza Wojciecha, kt\u00f3ry opuszcza nasz\u0105 parafi\u0119, aby podj\u0105\u0107 kap\u0142a\u0144skie obowi\u0105zki w nowym &hellip;\" \/>\n<meta property=\"og:url\" content=\"https:\/\/parafiaustrzyki.pl\/index.php\/2026\/08\/16\/imieniny-ksiedza-proboszcza-jacka-i-podziekowanie-za-posluge-ksiedza-wojciecha\/\" \/>\n<meta property=\"og:site_name\" content=\"Parafia pw. NMP Kr\u00f3lowej Polski w Ustrzykach Dolnych\" \/>\n<meta property=\"article:published_time\" content=\"2026-08-16T11:19:09+00:00\" \/>\n<meta property=\"article:modified_time\" content=\"2026-08-16T11:20:46+00:00\" \/>\n<meta property=\"og:image\" content=\"https:\/\/parafiaustrzyki.pl\/wp-content\/uploads\/16.png\" \/>\n\t<meta property=\"og:image:width\" content=\"530\" \/>\n\t<meta property=\"og:image:height\" content=\"353\" \/>\n\t<meta property=\"og:image:type\" content=\"image\/png\" \/>\n<meta name=\"author\" content=\"admin\" \/>\n<meta name=\"twitter:card\" content=\"summary_large_image\" \/>\n<meta name=\"twitter:label1\" content=\"Napisane przez\" \/>\n\t<meta name=\"twitter:data1\" content=\"admin\" \/>\n\t<meta name=\"twitter:label2\" content=\"Szacowany czas czytania\" \/>\n\t<meta name=\"twitter:data2\" content=\"3 minuty\" \/>\n<script type=\"application\/ld+json\" class=\"yoast-schema-graph\">{\"@context\":\"https:\\\/\\\/schema.org\",\"@graph\":[{\"@type\":\"Article\",\"@id\":\"https:\\\/\\\/parafiaustrzyki.pl\\\/index.php\\\/2026\\\/08\\\/16\\\/imieniny-ksiedza-proboszcza-jacka-i-podziekowanie-za-posluge-ksiedza-wojciecha\\\/#article\",\"isPartOf\":{\"@id\":\"https:\\\/\\\/parafiaustrzyki.pl\\\/index.php\\\/2026\\\/08\\\/16\\\/imieniny-ksiedza-proboszcza-jacka-i-podziekowanie-za-posluge-ksiedza-wojciecha\\\/\"},\"author\":{\"name\":\"admin\",\"@id\":\"https:\\\/\\\/parafiaustrzyki.pl\\\/#\\\/schema\\\/person\\\/0093e7d61a4c4ca9a64b71422f505800\"},\"headline\":\"IMIENINY KSI\u0118DZA PROBOSZCZA JACKA I PODZI\u0118KOWANIE ZA POS\u0141UG\u0118 KSI\u0118DZA WOJCIECHA\",\"datePublished\":\"2026-08-16T11:19:09+00:00\",\"dateModified\":\"2026-08-16T11:20:46+00:00\",\"mainEntityOfPage\":{\"@id\":\"https:\\\/\\\/parafiaustrzyki.pl\\\/index.php\\\/2026\\\/08\\\/16\\\/imieniny-ksiedza-proboszcza-jacka-i-podziekowanie-za-posluge-ksiedza-wojciecha\\\/\"},\"wordCount\":464,\"image\":{\"@id\":\"https:\\\/\\\/parafiaustrzyki.pl\\\/index.php\\\/2026\\\/08\\\/16\\\/imieniny-ksiedza-proboszcza-jacka-i-podziekowanie-za-posluge-ksiedza-wojciecha\\\/#primaryimage\"},\"thumbnailUrl\":\"https:\\\/\\\/parafiaustrzyki.pl\\\/wp-content\\\/uploads\\\/16.png\",\"articleSection\":[\"Aktualno\u015bci\"],\"inLanguage\":\"pl-PL\"},{\"@type\":\"WebPage\",\"@id\":\"https:\\\/\\\/parafiaustrzyki.pl\\\/index.php\\\/2026\\\/08\\\/16\\\/imieniny-ksiedza-proboszcza-jacka-i-podziekowanie-za-posluge-ksiedza-wojciecha\\\/\",\"url\":\"https:\\\/\\\/parafiaustrzyki.pl\\\/index.php\\\/2026\\\/08\\\/16\\\/imieniny-ksiedza-proboszcza-jacka-i-podziekowanie-za-posluge-ksiedza-wojciecha\\\/\",\"name\":\"IMIENINY KSI\u0118DZA PROBOSZCZA JACKA I PODZI\u0118KOWANIE ZA POS\u0141UG\u0118 KSI\u0118DZA WOJCIECHA - Parafia pw. NMP Kr\u00f3lowej Polski w Ustrzykach Dolnych\",\"isPartOf\":{\"@id\":\"https:\\\/\\\/parafiaustrzyki.pl\\\/#website\"},\"primaryImageOfPage\":{\"@id\":\"https:\\\/\\\/parafiaustrzyki.pl\\\/index.php\\\/2026\\\/08\\\/16\\\/imieniny-ksiedza-proboszcza-jacka-i-podziekowanie-za-posluge-ksiedza-wojciecha\\\/#primaryimage\"},\"image\":{\"@id\":\"https:\\\/\\\/parafiaustrzyki.pl\\\/index.php\\\/2026\\\/08\\\/16\\\/imieniny-ksiedza-proboszcza-jacka-i-podziekowanie-za-posluge-ksiedza-wojciecha\\\/#primaryimage\"},\"thumbnailUrl\":\"https:\\\/\\\/parafiaustrzyki.pl\\\/wp-content\\\/uploads\\\/16.png\",\"datePublished\":\"2026-08-16T11:19:09+00:00\",\"dateModified\":\"2026-08-16T11:20:46+00:00\",\"author\":{\"@id\":\"https:\\\/\\\/parafiaustrzyki.pl\\\/#\\\/schema\\\/person\\\/0093e7d61a4c4ca9a64b71422f505800\"},\"breadcrumb\":{\"@id\":\"https:\\\/\\\/parafiaustrzyki.pl\\\/index.php\\\/2026\\\/08\\\/16\\\/imieniny-ksiedza-proboszcza-jacka-i-podziekowanie-za-posluge-ksiedza-wojciecha\\\/#breadcrumb\"},\"inLanguage\":\"pl-PL\",\"potentialAction\":[{\"@type\":\"ReadAction\",\"target\":[\"https:\\\/\\\/parafiaustrzyki.pl\\\/index.php\\\/2026\\\/08\\\/16\\\/imieniny-ksiedza-proboszcza-jacka-i-podziekowanie-za-posluge-ksiedza-wojciecha\\\/\"]}]},{\"@type\":\"ImageObject\",\"inLanguage\":\"pl-PL\",\"@id\":\"https:\\\/\\\/parafiaustrzyki.pl\\\/index.php\\\/2026\\\/08\\\/16\\\/imieniny-ksiedza-proboszcza-jacka-i-podziekowanie-za-posluge-ksiedza-wojciecha\\\/#primaryimage\",\"url\":\"https:\\\/\\\/parafiaustrzyki.pl\\\/wp-content\\\/uploads\\\/16.png\",\"contentUrl\":\"https:\\\/\\\/parafiaustrzyki.pl\\\/wp-content\\\/uploads\\\/16.png\",\"width\":530,\"height\":353},{\"@type\":\"BreadcrumbList\",\"@id\":\"https:\\\/\\\/parafiaustrzyki.pl\\\/index.php\\\/2026\\\/08\\\/16\\\/imieniny-ksiedza-proboszcza-jacka-i-podziekowanie-za-posluge-ksiedza-wojciecha\\\/#breadcrumb\",\"itemListElement\":[{\"@type\":\"ListItem\",\"position\":1,\"name\":\"Strona g\u0142\u00f3wna\",\"item\":\"https:\\\/\\\/parafiaustrzyki.pl\\\/\"},{\"@type\":\"ListItem\",\"position\":2,\"name\":\"IMIENINY KSI\u0118DZA PROBOSZCZA JACKA I PODZI\u0118KOWANIE ZA POS\u0141UG\u0118 KSI\u0118DZA WOJCIECHA\"}]},{\"@type\":\"WebSite\",\"@id\":\"https:\\\/\\\/parafiaustrzyki.pl\\\/#website\",\"url\":\"https:\\\/\\\/parafiaustrzyki.pl\\\/\",\"name\":\"Parafia pw. NMP Kr\u00f3lowej Polski w Ustrzykach Dolnych\",\"description\":\"Witamy w naszej parafii\",\"potentialAction\":[{\"@type\":\"SearchAction\",\"target\":{\"@type\":\"EntryPoint\",\"urlTemplate\":\"https:\\\/\\\/parafiaustrzyki.pl\\\/?s={search_term_string}\"},\"query-input\":{\"@type\":\"PropertyValueSpecification\",\"valueRequired\":true,\"valueName\":\"search_term_string\"}}],\"inLanguage\":\"pl-PL\"},{\"@type\":\"Person\",\"@id\":\"https:\\\/\\\/parafiaustrzyki.pl\\\/#\\\/schema\\\/person\\\/0093e7d61a4c4ca9a64b71422f505800\",\"name\":\"admin\",\"sameAs\":[\"https:\\\/\\\/parafiaustrzyki.pl\"],\"url\":\"https:\\\/\\\/parafiaustrzyki.pl\\\/index.php\\\/author\\\/admin-2\\\/\"}]}<\/script>\n<!-- \/ Yoast SEO plugin. -->","yoast_head_json":{"title":"IMIENINY KSI\u0118DZA PROBOSZCZA JACKA I PODZI\u0118KOWANIE ZA POS\u0141UG\u0118 KSI\u0118DZA WOJCIECHA - Parafia pw. NMP Kr\u00f3lowej Polski w Ustrzykach Dolnych","robots":{"index":"index","follow":"follow","max-snippet":"max-snippet:-1","max-image-preview":"max-image-preview:large","max-video-preview":"max-video-preview:-1"},"canonical":"https:\/\/parafiaustrzyki.pl\/index.php\/2026\/08\/16\/imieniny-ksiedza-proboszcza-jacka-i-podziekowanie-za-posluge-ksiedza-wojciecha\/","og_locale":"pl_PL","og_type":"article","og_title":"IMIENINY KSI\u0118DZA PROBOSZCZA JACKA I PODZI\u0118KOWANIE ZA POS\u0141UG\u0118 KSI\u0118DZA WOJCIECHA - Parafia pw. NMP Kr\u00f3lowej Polski w Ustrzykach Dolnych","og_description":"W niedziel\u0119, 16 sierpnia, podczas Mszy \u015awi\u0119tej o godz. 11.00 nasza wsp\u00f3lnota parafialna modli\u0142a si\u0119 w spos\u00f3b szczeg\u00f3lny w intencji Ksi\u0119dza Proboszcza Jacka, prze\u017cywaj\u0105cego w poniedzia\u0142ek swoje imieniny. By\u0142 to r\u00f3wnie\u017c czas wdzi\u0119czno\u015bci za trzy lata pos\u0142ugi wikariuszowskiej Ksi\u0119dza Wojciecha, kt\u00f3ry opuszcza nasz\u0105 parafi\u0119, aby podj\u0105\u0107 kap\u0142a\u0144skie obowi\u0105zki w nowym &hellip;","og_url":"https:\/\/parafiaustrzyki.pl\/index.php\/2026\/08\/16\/imieniny-ksiedza-proboszcza-jacka-i-podziekowanie-za-posluge-ksiedza-wojciecha\/","og_site_name":"Parafia pw. NMP Kr\u00f3lowej Polski w Ustrzykach Dolnych","article_published_time":"2026-08-16T11:19:09+00:00","article_modified_time":"2026-08-16T11:20:46+00:00","og_image":[{"width":530,"height":353,"url":"https:\/\/parafiaustrzyki.pl\/wp-content\/uploads\/16.png","type":"image\/png"}],"author":"admin","twitter_card":"summary_large_image","twitter_misc":{"Napisane przez":"admin","Szacowany czas czytania":"3 minuty"},"schema":{"@context":"https:\/\/schema.org","@graph":[{"@type":"Article","@id":"https:\/\/parafiaustrzyki.pl\/index.php\/2026\/08\/16\/imieniny-ksiedza-proboszcza-jacka-i-podziekowanie-za-posluge-ksiedza-wojciecha\/#article","isPartOf":{"@id":"https:\/\/parafiaustrzyki.pl\/index.php\/2026\/08\/16\/imieniny-ksiedza-proboszcza-jacka-i-podziekowanie-za-posluge-ksiedza-wojciecha\/"},"author":{"name":"admin","@id":"https:\/\/parafiaustrzyki.pl\/#\/schema\/person\/0093e7d61a4c4ca9a64b71422f505800"},"headline":"IMIENINY KSI\u0118DZA PROBOSZCZA JACKA I PODZI\u0118KOWANIE ZA POS\u0141UG\u0118 KSI\u0118DZA WOJCIECHA","datePublished":"2026-08-16T11:19:09+00:00","dateModified":"2026-08-16T11:20:46+00:00","mainEntityOfPage":{"@id":"https:\/\/parafiaustrzyki.pl\/index.php\/2026\/08\/16\/imieniny-ksiedza-proboszcza-jacka-i-podziekowanie-za-posluge-ksiedza-wojciecha\/"},"wordCount":464,"image":{"@id":"https:\/\/parafiaustrzyki.pl\/index.php\/2026\/08\/16\/imieniny-ksiedza-proboszcza-jacka-i-podziekowanie-za-posluge-ksiedza-wojciecha\/#primaryimage"},"thumbnailUrl":"https:\/\/parafiaustrzyki.pl\/wp-content\/uploads\/16.png","articleSection":["Aktualno\u015bci"],"inLanguage":"pl-PL"},{"@type":"WebPage","@id":"https:\/\/parafiaustrzyki.pl\/index.php\/2026\/08\/16\/imieniny-ksiedza-proboszcza-jacka-i-podziekowanie-za-posluge-ksiedza-wojciecha\/","url":"https:\/\/parafiaustrzyki.pl\/index.php\/2026\/08\/16\/imieniny-ksiedza-proboszcza-jacka-i-podziekowanie-za-posluge-ksiedza-wojciecha\/","name":"IMIENINY KSI\u0118DZA PROBOSZCZA JACKA I PODZI\u0118KOWANIE ZA POS\u0141UG\u0118 KSI\u0118DZA WOJCIECHA - Parafia pw. NMP Kr\u00f3lowej Polski w Ustrzykach Dolnych","isPartOf":{"@id":"https:\/\/parafiaustrzyki.pl\/#website"},"primaryImageOfPage":{"@id":"https:\/\/parafiaustrzyki.pl\/index.php\/2026\/08\/16\/imieniny-ksiedza-proboszcza-jacka-i-podziekowanie-za-posluge-ksiedza-wojciecha\/#primaryimage"},"image":{"@id":"https:\/\/parafiaustrzyki.pl\/index.php\/2026\/08\/16\/imieniny-ksiedza-proboszcza-jacka-i-podziekowanie-za-posluge-ksiedza-wojciecha\/#primaryimage"},"thumbnailUrl":"https:\/\/parafiaustrzyki.pl\/wp-content\/uploads\/16.png","datePublished":"2026-08-16T11:19:09+00:00","dateModified":"2026-08-16T11:20:46+00:00","author":{"@id":"https:\/\/parafiaustrzyki.pl\/#\/schema\/person\/0093e7d61a4c4ca9a64b71422f505800"},"breadcrumb":{"@id":"https:\/\/parafiaustrzyki.pl\/index.php\/2026\/08\/16\/imieniny-ksiedza-proboszcza-jacka-i-podziekowanie-za-posluge-ksiedza-wojciecha\/#breadcrumb"},"inLanguage":"pl-PL","potentialAction":[{"@type":"ReadAction","target":["https:\/\/parafiaustrzyki.pl\/index.php\/2026\/08\/16\/imieniny-ksiedza-proboszcza-jacka-i-podziekowanie-za-posluge-ksiedza-wojciecha\/"]}]},{"@type":"ImageObject","inLanguage":"pl-PL","@id":"https:\/\/parafiaustrzyki.pl\/index.php\/2026\/08\/16\/imieniny-ksiedza-proboszcza-jacka-i-podziekowanie-za-posluge-ksiedza-wojciecha\/#primaryimage","url":"https:\/\/parafiaustrzyki.pl\/wp-content\/uploads\/16.png","contentUrl":"https:\/\/parafiaustrzyki.pl\/wp-content\/uploads\/16.png","width":530,"height":353},{"@type":"BreadcrumbList","@id":"https:\/\/parafiaustrzyki.pl\/index.php\/2026\/08\/16\/imieniny-ksiedza-proboszcza-jacka-i-podziekowanie-za-posluge-ksiedza-wojciecha\/#breadcrumb","itemListElement":[{"@type":"ListItem","position":1,"name":"Strona g\u0142\u00f3wna","item":"https:\/\/parafiaustrzyki.pl\/"},{"@type":"ListItem","position":2,"name":"IMIENINY KSI\u0118DZA PROBOSZCZA JACKA I PODZI\u0118KOWANIE ZA POS\u0141UG\u0118 KSI\u0118DZA WOJCIECHA"}]},{"@type":"WebSite","@id":"https:\/\/parafiaustrzyki.pl\/#website","url":"https:\/\/parafiaustrzyki.pl\/","name":"Parafia pw. NMP Kr\u00f3lowej Polski w Ustrzykach Dolnych","description":"Witamy w naszej parafii","potentialAction":[{"@type":"SearchAction","target":{"@type":"EntryPoint","urlTemplate":"https:\/\/parafiaustrzyki.pl\/?s={search_term_string}"},"query-input":{"@type":"PropertyValueSpecification","valueRequired":true,"valueName":"search_term_string"}}],"inLanguage":"pl-PL"},{"@type":"Person","@id":"https:\/\/parafiaustrzyki.pl\/#\/schema\/person\/0093e7d61a4c4ca9a64b71422f505800","name":"admin","sameAs":["https:\/\/parafiaustrzyki.pl"],"url":"https:\/\/parafiaustrzyki.pl\/index.php\/author\/admin-2\/"}]}},"jetpack-related-posts":[{"id":1475,"url":"https:\/\/parafiaustrzyki.pl\/index.php\/2025\/11\/27\/20-lecie-wtz-w-ustrzykach-dolnych-wspolne-dziekczynienie-za-dwie-dekady-pracy-i-przyjazni\/","url_meta":{"origin":3917,"position":0},"title":"20-LECIE WTZ W USTRZYKACH DOLNYCH \u2013 WSP\u00d3LNE DZI\u0118KCZYNIENIE ZA DWIE DEKADY PRACY I PRZYJA\u0179NI","author":"admin","date":"27 listopada 2025","format":false,"excerpt":"Ustrzyki Dolne obchodzi\u0142y niezwyk\u0142\u0105 rocznic\u0119 \u2013 XX-lecie istnienia Warsztat\u00f3w Terapii Zaj\u0119ciowej. To czas pe\u0142en wzrusze\u0144, rado\u015bci i wspomnie\u0144, kt\u00f3re na d\u0142ugo pozostan\u0105 w sercach uczestnik\u00f3w, pracownik\u00f3w i przyjaci\u00f3\u0142 o\u015brodka. Uroczysto\u015bci rozpocz\u0119\u0142y si\u0119 od szczeg\u00f3lnego momentu \u2013 uroczystej Mszy \u015awi\u0119tej sprawowanej w naszym ko\u015bciele parafialnym. W ko\u015bciele zgromadzili si\u0119 uczestnicy warsztat\u00f3w,\u2026","rel":"","context":"W \u201eAktualno\u015bci&quot;","block_context":{"text":"Aktualno\u015bci","link":"https:\/\/parafiaustrzyki.pl\/index.php\/category\/aktualnosci\/"},"img":{"alt_text":"","src":"https:\/\/i0.wp.com\/parafiaustrzyki.pl\/wp-content\/uploads\/WTZ.png?resize=350%2C200&ssl=1","width":350,"height":200,"srcset":"https:\/\/i0.wp.com\/parafiaustrzyki.pl\/wp-content\/uploads\/WTZ.png?resize=350%2C200&ssl=1 1x, https:\/\/i0.wp.com\/parafiaustrzyki.pl\/wp-content\/uploads\/WTZ.png?resize=525%2C300&ssl=1 1.5x"},"classes":[]},{"id":3096,"url":"https:\/\/parafiaustrzyki.pl\/index.php\/2026\/05\/10\/i-komunia-w-naszej-parafii\/","url_meta":{"origin":3917,"position":1},"title":"I KOMUNIA \u015aWI\u0118TA W NASZEJ PARAFII","author":"admin","date":"10 maja 2026","format":false,"excerpt":"Dzisiaj w naszej parafii ponad pi\u0119\u0107dziesi\u0119cioro dzieci po raz pierwszy przyj\u0119\u0142o Pana Jezusa do swoich serc. Uroczystej Mszy \u015awi\u0119tej przewodniczy\u0142 ks. Jacek D\u017co\u0144, proboszcz parafii, a homili\u0119 wyg\u0142osi\u0142 ks. Jakub Grzybowski. By\u0142y to bardzo wzruszaj\u0105ce chwile nie tylko dla dzieci, ale tak\u017ce dla ich rodzin. Uroczyste wej\u015bcie do \u015bwi\u0105tyni nast\u0105pi\u0142o\u2026","rel":"","context":"W \u201eAktualno\u015bci&quot;","block_context":{"text":"Aktualno\u015bci","link":"https:\/\/parafiaustrzyki.pl\/index.php\/category\/aktualnosci\/"},"img":{"alt_text":"","src":"https:\/\/i0.wp.com\/parafiaustrzyki.pl\/wp-content\/uploads\/I-komunia-2026.png?resize=350%2C200&ssl=1","width":350,"height":200,"srcset":"https:\/\/i0.wp.com\/parafiaustrzyki.pl\/wp-content\/uploads\/I-komunia-2026.png?resize=350%2C200&ssl=1 1x, https:\/\/i0.wp.com\/parafiaustrzyki.pl\/wp-content\/uploads\/I-komunia-2026.png?resize=525%2C300&ssl=1 1.5x"},"classes":[]},{"id":3838,"url":"https:\/\/parafiaustrzyki.pl\/index.php\/2026\/06\/27\/zakonczenie-roku-szkolnego-i-katechetycznego\/","url_meta":{"origin":3917,"position":2},"title":"ZAKO\u0143CZENIE ROKU SZKOLNEGO I KATECHETYCZNEGO","author":"admin","date":"27 czerwca 2026","format":false,"excerpt":"ZAKO\u0143CZENIE ROKU SZKOLNEGO SZKO\u0141Y PODSTAWOWEJ NR 1 24 czerwca uczniowie Szko\u0142y Podstawowej nr 1 wraz z Dyrekcj\u0105 oraz nauczycielami uczestniczyli w uroczystej Mszy \u015awi\u0119tej z okazji zako\u0144czenia roku szkolnego i katechetycznego. By\u0142 to czas wsp\u00f3lnej modlitwy oraz dzi\u0119kczynienia Bogu za otrzymane \u0142aski, zdobywan\u0105 wiedz\u0119, rozw\u00f3j oraz wszelkie dobro, kt\u00f3rego do\u015bwiadczyli\u2026","rel":"","context":"W \u201eAktualno\u015bci&quot;","block_context":{"text":"Aktualno\u015bci","link":"https:\/\/parafiaustrzyki.pl\/index.php\/category\/aktualnosci\/"},"img":{"alt_text":"","src":"https:\/\/i0.wp.com\/parafiaustrzyki.pl\/wp-content\/uploads\/wakacje_2026.png?resize=350%2C200&ssl=1","width":350,"height":200,"srcset":"https:\/\/i0.wp.com\/parafiaustrzyki.pl\/wp-content\/uploads\/wakacje_2026.png?resize=350%2C200&ssl=1 1x, https:\/\/i0.wp.com\/parafiaustrzyki.pl\/wp-content\/uploads\/wakacje_2026.png?resize=525%2C300&ssl=1 1.5x"},"classes":[]},{"id":3798,"url":"https:\/\/parafiaustrzyki.pl\/index.php\/2026\/06\/21\/dzien-rodzica\/","url_meta":{"origin":3917,"position":3},"title":"DZIE\u0143 RODZICA","author":"admin","date":"21 czerwca 2026","format":false,"excerpt":"20 czerwca 2026 r. dzieci ze Scholi oraz ministranci zaprosili swoich rodzic\u00f3w, aby wsp\u00f3lnie \u015bwi\u0119towa\u0107 Dzie\u0144 Rodzica. Uroczysto\u015bci rozpocz\u0119\u0142y si\u0119 Eucharysti\u0105 sprawowan\u0105 w intencji rodzic\u00f3w przez ks. proboszcza Jacka D\u017conia. Nast\u0119pnym punktem programu by\u0142o przedstawienie, w kt\u00f3rym Smerfy zastanawia\u0142y si\u0119, w jaki spos\u00f3b uczci\u0107 \u015bwi\u0119to swoich rodzic\u00f3w. Po wielu propozycjach\u2026","rel":"","context":"W \u201eAktualno\u015bci&quot;","block_context":{"text":"Aktualno\u015bci","link":"https:\/\/parafiaustrzyki.pl\/index.php\/category\/aktualnosci\/"},"img":{"alt_text":"","src":"https:\/\/i0.wp.com\/parafiaustrzyki.pl\/wp-content\/uploads\/Dzieci-Maryi_2026.png?resize=350%2C200&ssl=1","width":350,"height":200,"srcset":"https:\/\/i0.wp.com\/parafiaustrzyki.pl\/wp-content\/uploads\/Dzieci-Maryi_2026.png?resize=350%2C200&ssl=1 1x, https:\/\/i0.wp.com\/parafiaustrzyki.pl\/wp-content\/uploads\/Dzieci-Maryi_2026.png?resize=525%2C300&ssl=1 1.5x"},"classes":[]},{"id":1361,"url":"https:\/\/parafiaustrzyki.pl\/index.php\/2025\/11\/11\/107-rocznica-odzyskania-niepodleglosci\/","url_meta":{"origin":3917,"position":4},"title":"107. ROCZNICA ODZYSKANIA NIEPODLEG\u0141O\u015aCI","author":"admin","date":"11 listopada 2025","format":false,"excerpt":"Z Bogiem wszystko jest mo\u017cliwe W Narodowe \u015awi\u0119to Niepodleg\u0142o\u015bci w naszym ko\u015bciele zosta\u0142a odprawiona Msza \u015bwi\u0119ta koncelebrowana pod przewodnictwem ks. dziekana Romana Szczupaka, proboszcza parafii \u015awi\u0119tego J\u00f3zefa Robotnika w Ustrzykach Dolnych (koncelebra wraz z ks. J\u00f3zefem \u015alusarczykiem, proboszczem Sanktuarium Matki Bo\u017cej Bieszczadzkiej, i ks. Jackiem D\u017coniem, proboszczem parafii Naj\u015bwi\u0119tszej Maryi\u2026","rel":"","context":"W \u201eAktualno\u015bci&quot;","block_context":{"text":"Aktualno\u015bci","link":"https:\/\/parafiaustrzyki.pl\/index.php\/category\/aktualnosci\/"},"img":{"alt_text":"","src":"https:\/\/i0.wp.com\/parafiaustrzyki.pl\/wp-content\/uploads\/kosciol_11_11_2025.jpg?resize=350%2C200&ssl=1","width":350,"height":200,"srcset":"https:\/\/i0.wp.com\/parafiaustrzyki.pl\/wp-content\/uploads\/kosciol_11_11_2025.jpg?resize=350%2C200&ssl=1 1x, https:\/\/i0.wp.com\/parafiaustrzyki.pl\/wp-content\/uploads\/kosciol_11_11_2025.jpg?resize=525%2C300&ssl=1 1.5x"},"classes":[]},{"id":1101,"url":"https:\/\/parafiaustrzyki.pl\/index.php\/2025\/10\/05\/poswiecenie-rozancow-dla-dzieci-komunijnych\/","url_meta":{"origin":3917,"position":5},"title":"PO\u015aWI\u0118CENIE R\u00d3\u017bA\u0143C\u00d3W DLA DZIECI KOMUNIJNYCH","author":"admin","date":"5 pa\u017adziernika 2025","format":false,"excerpt":"Dzi\u015b, w niedziel\u0119, podczas Mszy \u015awi\u0119tej o godz. 11:00 w naszej parafii odby\u0142o si\u0119 po\u015bwi\u0119cenie i wr\u0119czenie r\u00f3\u017ca\u0144c\u00f3w dzieciom przygotowuj\u0105cym si\u0119 do sakramentu pokuty i pierwszej Komunii \u015awi\u0119tej. Eucharystii przewodniczy\u0142 ks. Wojciech Harmata, wikariusz parafii, kt\u00f3ry prowadzi dzieci w przygotowaniu do tego wa\u017cnego wydarzenia w ich \u017cyciu duchowym. W modlitewnej\u2026","rel":"","context":"W \u201eAktualno\u015bci&quot;","block_context":{"text":"Aktualno\u015bci","link":"https:\/\/parafiaustrzyki.pl\/index.php\/category\/aktualnosci\/"},"img":{"alt_text":"","src":"https:\/\/i0.wp.com\/parafiaustrzyki.pl\/wp-content\/uploads\/poswiecenie_rozancow.png?resize=350%2C200&ssl=1","width":350,"height":200,"srcset":"https:\/\/i0.wp.com\/parafiaustrzyki.pl\/wp-content\/uploads\/poswiecenie_rozancow.png?resize=350%2C200&ssl=1 1x, https:\/\/i0.wp.com\/parafiaustrzyki.pl\/wp-content\/uploads\/poswiecenie_rozancow.png?resize=525%2C300&ssl=1 1.5x"},"classes":[]}],"jetpack_featured_media_url":"https:\/\/parafiaustrzyki.pl\/wp-content\/uploads\/16.png","_links":{"self":[{"href":"https:\/\/parafiaustrzyki.pl\/index.php\/wp-json\/wp\/v2\/posts\/3917","targetHints":{"allow":["GET"]}}],"collection":[{"href":"https:\/\/parafiaustrzyki.pl\/index.php\/wp-json\/wp\/v2\/posts"}],"about":[{"href":"https:\/\/parafiaustrzyki.pl\/index.php\/wp-json\/wp\/v2\/types\/post"}],"author":[{"embeddable":true,"href":"https:\/\/parafiaustrzyki.pl\/index.php\/wp-json\/wp\/v2\/users\/2"}],"replies":[{"embeddable":true,"href":"https:\/\/parafiaustrzyki.pl\/index.php\/wp-json\/wp\/v2\/comments?post=3917"}],"version-history":[{"count":2,"href":"https:\/\/parafiaustrzyki.pl\/index.php\/wp-json\/wp\/v2\/posts\/3917\/revisions"}],"predecessor-version":[{"id":3945,"href":"https:\/\/parafiaustrzyki.pl\/index.php\/wp-json\/wp\/v2\/posts\/3917\/revisions\/3945"}],"wp:featuredmedia":[{"embeddable":true,"href":"https:\/\/parafiaustrzyki.pl\/index.php\/wp-json\/wp\/v2\/media\/3918"}],"wp:attachment":[{"href":"https:\/\/parafiaustrzyki.pl\/index.php\/wp-json\/wp\/v2\/media?parent=3917"}],"wp:term":[{"taxonomy":"category","embeddable":true,"href":"https:\/\/parafiaustrzyki.pl\/index.php\/wp-json\/wp\/v2\/categories?post=3917"},{"taxonomy":"post_tag","embeddable":true,"href":"https:\/\/parafiaustrzyki.pl\/index.php\/wp-json\/wp\/v2\/tags?post=3917"}],"curies":[{"name":"wp","href":"https:\/\/api.w.org\/{rel}","templated":true}]}}