{"id":3910,"date":"2026-08-15T20:19:42","date_gmt":"2026-08-15T20:19:42","guid":{"rendered":"https:\/\/parafiaustrzyki.pl\/?p=3910"},"modified":"2026-08-15T20:22:00","modified_gmt":"2026-08-15T20:22:00","slug":"rajd-rowerowy-w-106-rocznice-bitwy-orlat-lwowskich","status":"publish","type":"post","link":"https:\/\/parafiaustrzyki.pl\/index.php\/2026\/08\/15\/rajd-rowerowy-w-106-rocznice-bitwy-orlat-lwowskich\/","title":{"rendered":"RAJD ROWEROWY W 106. ROCZNIC\u0118 BITWY \u201eORL\u0104T LWOWSKICH&#8221;"},"content":{"rendered":"<p style=\"text-align: justify;\">Stowarzyszenie Pami\u0119ci Polskich Termopil i Kres\u00f3w w Przemy\u015blu zapraszaj\u0105 cz\u0142onk\u00f3w i sympatyk\u00f3w do uczestnictwa w Zadw\u00f3rza\u0144skim Rajdzie Rowerowym w 106. Rocznic\u0119 Bitwy \u201eOrl\u0105t Lwowskich\u201d, kt\u00f3ry odb\u0119dzie si\u0119 w dniach 22-23 sierpnia. Uczestnicy rajdu wyruszaj\u0105 z Przemy\u015bla do Zadw\u00f3rza k\/ Ustrzyk Dolnych.23 sierpnia czyli w przysz\u0142\u0105 niedziel\u0119 b\u0119dziemy go\u015bci\u0107 uczestnik\u00f3w rajdu na Mszy \u015bw. o godz. 9.00 w naszym Ko\u015bciele.<\/p>\n<p><img loading=\"lazy\" decoding=\"async\" class=\"aligncenter wp-image-3912 size-large\" src=\"https:\/\/parafiaustrzyki.pl\/wp-content\/uploads\/zaproszenie_Zadowrze_d-725x1024.png\" alt=\"\" width=\"725\" height=\"1024\" srcset=\"https:\/\/parafiaustrzyki.pl\/wp-content\/uploads\/zaproszenie_Zadowrze_d-725x1024.png 725w, https:\/\/parafiaustrzyki.pl\/wp-content\/uploads\/zaproszenie_Zadowrze_d-212x300.png 212w, https:\/\/parafiaustrzyki.pl\/wp-content\/uploads\/zaproszenie_Zadowrze_d-106x150.png 106w, https:\/\/parafiaustrzyki.pl\/wp-content\/uploads\/zaproszenie_Zadowrze_d-768x1085.png 768w, https:\/\/parafiaustrzyki.pl\/wp-content\/uploads\/zaproszenie_Zadowrze_d-248x350.png 248w, https:\/\/parafiaustrzyki.pl\/wp-content\/uploads\/zaproszenie_Zadowrze_d.png 1055w\" sizes=\"auto, (max-width: 725px) 100vw, 725px\" \/><\/p>\n<p><img loading=\"lazy\" decoding=\"async\" class=\"aligncenter wp-image-3913 size-large\" src=\"https:\/\/parafiaustrzyki.pl\/wp-content\/uploads\/Zadworze-zaproszenie-2026r_1-724x1024.png\" alt=\"\" width=\"724\" height=\"1024\" srcset=\"https:\/\/parafiaustrzyki.pl\/wp-content\/uploads\/Zadworze-zaproszenie-2026r_1-724x1024.png 724w, https:\/\/parafiaustrzyki.pl\/wp-content\/uploads\/Zadworze-zaproszenie-2026r_1-212x300.png 212w, https:\/\/parafiaustrzyki.pl\/wp-content\/uploads\/Zadworze-zaproszenie-2026r_1-106x150.png 106w, https:\/\/parafiaustrzyki.pl\/wp-content\/uploads\/Zadworze-zaproszenie-2026r_1-768x1086.png 768w, https:\/\/parafiaustrzyki.pl\/wp-content\/uploads\/Zadworze-zaproszenie-2026r_1-1086x1536.png 1086w, https:\/\/parafiaustrzyki.pl\/wp-content\/uploads\/Zadworze-zaproszenie-2026r_1-247x350.png 247w, https:\/\/parafiaustrzyki.pl\/wp-content\/uploads\/Zadworze-zaproszenie-2026r_1.png 1240w\" sizes=\"auto, (max-width: 724px) 100vw, 724px\" \/><\/p>\n<p>&nbsp;<\/p>\n","protected":false},"excerpt":{"rendered":"<p>Stowarzyszenie Pami\u0119ci Polskich Termopil i Kres\u00f3w w Przemy\u015blu zapraszaj\u0105 cz\u0142onk\u00f3w i sympatyk\u00f3w do uczestnictwa w Zadw\u00f3rza\u0144skim Rajdzie Rowerowym w 106. Rocznic\u0119 Bitwy \u201eOrl\u0105t Lwowskich\u201d, kt\u00f3ry odb\u0119dzie si\u0119 w dniach 22-23 sierpnia. Uczestnicy rajdu wyruszaj\u0105 z Przemy\u015bla do Zadw\u00f3rza k\/ Ustrzyk Dolnych.23 sierpnia czyli w przysz\u0142\u0105 niedziel\u0119 b\u0119dziemy go\u015bci\u0107 uczestnik\u00f3w rajdu &hellip;<\/p>\n","protected":false},"author":2,"featured_media":3916,"comment_status":"closed","ping_status":"closed","sticky":false,"template":"","format":"standard","meta":{"ngg_post_thumbnail":0,"footnotes":"","jetpack_post_was_ever_published":false},"categories":[6],"tags":[],"class_list":["post-3910","post","type-post","status-publish","format-standard","has-post-thumbnail","hentry","category-aktualnosci"],"yoast_head":"<!-- This site is optimized with the Yoast SEO plugin v28.3 - https:\/\/yoast.com\/product\/yoast-seo-wordpress\/ -->\n<title>RAJD ROWEROWY W 106. ROCZNIC\u0118 BITWY \u201eORL\u0104T LWOWSKICH&quot; - Parafia pw. NMP Kr\u00f3lowej Polski w Ustrzykach Dolnych<\/title>\n<meta name=\"robots\" content=\"index, follow, max-snippet:-1, max-image-preview:large, max-video-preview:-1\" \/>\n<link rel=\"canonical\" href=\"https:\/\/parafiaustrzyki.pl\/index.php\/2026\/08\/15\/rajd-rowerowy-w-106-rocznice-bitwy-orlat-lwowskich\/\" \/>\n<meta property=\"og:locale\" content=\"pl_PL\" \/>\n<meta property=\"og:type\" content=\"article\" \/>\n<meta property=\"og:title\" content=\"RAJD ROWEROWY W 106. ROCZNIC\u0118 BITWY \u201eORL\u0104T LWOWSKICH&quot; - Parafia pw. NMP Kr\u00f3lowej Polski w Ustrzykach Dolnych\" \/>\n<meta property=\"og:description\" content=\"Stowarzyszenie Pami\u0119ci Polskich Termopil i Kres\u00f3w w Przemy\u015blu zapraszaj\u0105 cz\u0142onk\u00f3w i sympatyk\u00f3w do uczestnictwa w Zadw\u00f3rza\u0144skim Rajdzie Rowerowym w 106. Rocznic\u0119 Bitwy \u201eOrl\u0105t Lwowskich\u201d, kt\u00f3ry odb\u0119dzie si\u0119 w dniach 22-23 sierpnia. Uczestnicy rajdu wyruszaj\u0105 z Przemy\u015bla do Zadw\u00f3rza k\/ Ustrzyk Dolnych.23 sierpnia czyli w przysz\u0142\u0105 niedziel\u0119 b\u0119dziemy go\u015bci\u0107 uczestnik\u00f3w rajdu &hellip;\" \/>\n<meta property=\"og:url\" content=\"https:\/\/parafiaustrzyki.pl\/index.php\/2026\/08\/15\/rajd-rowerowy-w-106-rocznice-bitwy-orlat-lwowskich\/\" \/>\n<meta property=\"og:site_name\" content=\"Parafia pw. NMP Kr\u00f3lowej Polski w Ustrzykach Dolnych\" \/>\n<meta property=\"article:published_time\" content=\"2026-08-15T20:19:42+00:00\" \/>\n<meta property=\"article:modified_time\" content=\"2026-08-15T20:22:00+00:00\" \/>\n<meta property=\"og:image\" content=\"https:\/\/parafiaustrzyki.pl\/wp-content\/uploads\/zaproszenie_Zadworze.png\" \/>\n\t<meta property=\"og:image:width\" content=\"530\" \/>\n\t<meta property=\"og:image:height\" content=\"361\" \/>\n\t<meta property=\"og:image:type\" content=\"image\/png\" \/>\n<meta name=\"author\" content=\"admin\" \/>\n<meta name=\"twitter:card\" content=\"summary_large_image\" \/>\n<meta name=\"twitter:label1\" content=\"Napisane przez\" \/>\n\t<meta name=\"twitter:data1\" content=\"admin\" \/>\n\t<meta name=\"twitter:label2\" content=\"Szacowany czas czytania\" \/>\n\t<meta name=\"twitter:data2\" content=\"1 minuta\" \/>\n<script type=\"application\/ld+json\" class=\"yoast-schema-graph\">{\"@context\":\"https:\\\/\\\/schema.org\",\"@graph\":[{\"@type\":\"Article\",\"@id\":\"https:\\\/\\\/parafiaustrzyki.pl\\\/index.php\\\/2026\\\/08\\\/15\\\/rajd-rowerowy-w-106-rocznice-bitwy-orlat-lwowskich\\\/#article\",\"isPartOf\":{\"@id\":\"https:\\\/\\\/parafiaustrzyki.pl\\\/index.php\\\/2026\\\/08\\\/15\\\/rajd-rowerowy-w-106-rocznice-bitwy-orlat-lwowskich\\\/\"},\"author\":{\"name\":\"admin\",\"@id\":\"https:\\\/\\\/parafiaustrzyki.pl\\\/#\\\/schema\\\/person\\\/0093e7d61a4c4ca9a64b71422f505800\"},\"headline\":\"RAJD ROWEROWY W 106. ROCZNIC\u0118 BITWY \u201eORL\u0104T LWOWSKICH&#8221;\",\"datePublished\":\"2026-08-15T20:19:42+00:00\",\"dateModified\":\"2026-08-15T20:22:00+00:00\",\"mainEntityOfPage\":{\"@id\":\"https:\\\/\\\/parafiaustrzyki.pl\\\/index.php\\\/2026\\\/08\\\/15\\\/rajd-rowerowy-w-106-rocznice-bitwy-orlat-lwowskich\\\/\"},\"wordCount\":83,\"image\":{\"@id\":\"https:\\\/\\\/parafiaustrzyki.pl\\\/index.php\\\/2026\\\/08\\\/15\\\/rajd-rowerowy-w-106-rocznice-bitwy-orlat-lwowskich\\\/#primaryimage\"},\"thumbnailUrl\":\"https:\\\/\\\/parafiaustrzyki.pl\\\/wp-content\\\/uploads\\\/zaproszenie_Zadworze.png\",\"articleSection\":[\"Aktualno\u015bci\"],\"inLanguage\":\"pl-PL\"},{\"@type\":\"WebPage\",\"@id\":\"https:\\\/\\\/parafiaustrzyki.pl\\\/index.php\\\/2026\\\/08\\\/15\\\/rajd-rowerowy-w-106-rocznice-bitwy-orlat-lwowskich\\\/\",\"url\":\"https:\\\/\\\/parafiaustrzyki.pl\\\/index.php\\\/2026\\\/08\\\/15\\\/rajd-rowerowy-w-106-rocznice-bitwy-orlat-lwowskich\\\/\",\"name\":\"RAJD ROWEROWY W 106. ROCZNIC\u0118 BITWY \u201eORL\u0104T LWOWSKICH\\\" - Parafia pw. NMP Kr\u00f3lowej Polski w Ustrzykach Dolnych\",\"isPartOf\":{\"@id\":\"https:\\\/\\\/parafiaustrzyki.pl\\\/#website\"},\"primaryImageOfPage\":{\"@id\":\"https:\\\/\\\/parafiaustrzyki.pl\\\/index.php\\\/2026\\\/08\\\/15\\\/rajd-rowerowy-w-106-rocznice-bitwy-orlat-lwowskich\\\/#primaryimage\"},\"image\":{\"@id\":\"https:\\\/\\\/parafiaustrzyki.pl\\\/index.php\\\/2026\\\/08\\\/15\\\/rajd-rowerowy-w-106-rocznice-bitwy-orlat-lwowskich\\\/#primaryimage\"},\"thumbnailUrl\":\"https:\\\/\\\/parafiaustrzyki.pl\\\/wp-content\\\/uploads\\\/zaproszenie_Zadworze.png\",\"datePublished\":\"2026-08-15T20:19:42+00:00\",\"dateModified\":\"2026-08-15T20:22:00+00:00\",\"author\":{\"@id\":\"https:\\\/\\\/parafiaustrzyki.pl\\\/#\\\/schema\\\/person\\\/0093e7d61a4c4ca9a64b71422f505800\"},\"breadcrumb\":{\"@id\":\"https:\\\/\\\/parafiaustrzyki.pl\\\/index.php\\\/2026\\\/08\\\/15\\\/rajd-rowerowy-w-106-rocznice-bitwy-orlat-lwowskich\\\/#breadcrumb\"},\"inLanguage\":\"pl-PL\",\"potentialAction\":[{\"@type\":\"ReadAction\",\"target\":[\"https:\\\/\\\/parafiaustrzyki.pl\\\/index.php\\\/2026\\\/08\\\/15\\\/rajd-rowerowy-w-106-rocznice-bitwy-orlat-lwowskich\\\/\"]}]},{\"@type\":\"ImageObject\",\"inLanguage\":\"pl-PL\",\"@id\":\"https:\\\/\\\/parafiaustrzyki.pl\\\/index.php\\\/2026\\\/08\\\/15\\\/rajd-rowerowy-w-106-rocznice-bitwy-orlat-lwowskich\\\/#primaryimage\",\"url\":\"https:\\\/\\\/parafiaustrzyki.pl\\\/wp-content\\\/uploads\\\/zaproszenie_Zadworze.png\",\"contentUrl\":\"https:\\\/\\\/parafiaustrzyki.pl\\\/wp-content\\\/uploads\\\/zaproszenie_Zadworze.png\",\"width\":530,\"height\":361},{\"@type\":\"BreadcrumbList\",\"@id\":\"https:\\\/\\\/parafiaustrzyki.pl\\\/index.php\\\/2026\\\/08\\\/15\\\/rajd-rowerowy-w-106-rocznice-bitwy-orlat-lwowskich\\\/#breadcrumb\",\"itemListElement\":[{\"@type\":\"ListItem\",\"position\":1,\"name\":\"Strona g\u0142\u00f3wna\",\"item\":\"https:\\\/\\\/parafiaustrzyki.pl\\\/\"},{\"@type\":\"ListItem\",\"position\":2,\"name\":\"RAJD ROWEROWY W 106. ROCZNIC\u0118 BITWY \u201eORL\u0104T LWOWSKICH&#8221;\"}]},{\"@type\":\"WebSite\",\"@id\":\"https:\\\/\\\/parafiaustrzyki.pl\\\/#website\",\"url\":\"https:\\\/\\\/parafiaustrzyki.pl\\\/\",\"name\":\"Parafia pw. NMP Kr\u00f3lowej Polski w Ustrzykach Dolnych\",\"description\":\"Witamy w naszej parafii\",\"potentialAction\":[{\"@type\":\"SearchAction\",\"target\":{\"@type\":\"EntryPoint\",\"urlTemplate\":\"https:\\\/\\\/parafiaustrzyki.pl\\\/?s={search_term_string}\"},\"query-input\":{\"@type\":\"PropertyValueSpecification\",\"valueRequired\":true,\"valueName\":\"search_term_string\"}}],\"inLanguage\":\"pl-PL\"},{\"@type\":\"Person\",\"@id\":\"https:\\\/\\\/parafiaustrzyki.pl\\\/#\\\/schema\\\/person\\\/0093e7d61a4c4ca9a64b71422f505800\",\"name\":\"admin\",\"sameAs\":[\"https:\\\/\\\/parafiaustrzyki.pl\"],\"url\":\"https:\\\/\\\/parafiaustrzyki.pl\\\/index.php\\\/author\\\/admin-2\\\/\"}]}<\/script>\n<!-- \/ Yoast SEO plugin. -->","yoast_head_json":{"title":"RAJD ROWEROWY W 106. ROCZNIC\u0118 BITWY \u201eORL\u0104T LWOWSKICH\" - Parafia pw. NMP Kr\u00f3lowej Polski w Ustrzykach Dolnych","robots":{"index":"index","follow":"follow","max-snippet":"max-snippet:-1","max-image-preview":"max-image-preview:large","max-video-preview":"max-video-preview:-1"},"canonical":"https:\/\/parafiaustrzyki.pl\/index.php\/2026\/08\/15\/rajd-rowerowy-w-106-rocznice-bitwy-orlat-lwowskich\/","og_locale":"pl_PL","og_type":"article","og_title":"RAJD ROWEROWY W 106. ROCZNIC\u0118 BITWY \u201eORL\u0104T LWOWSKICH\" - Parafia pw. NMP Kr\u00f3lowej Polski w Ustrzykach Dolnych","og_description":"Stowarzyszenie Pami\u0119ci Polskich Termopil i Kres\u00f3w w Przemy\u015blu zapraszaj\u0105 cz\u0142onk\u00f3w i sympatyk\u00f3w do uczestnictwa w Zadw\u00f3rza\u0144skim Rajdzie Rowerowym w 106. Rocznic\u0119 Bitwy \u201eOrl\u0105t Lwowskich\u201d, kt\u00f3ry odb\u0119dzie si\u0119 w dniach 22-23 sierpnia. Uczestnicy rajdu wyruszaj\u0105 z Przemy\u015bla do Zadw\u00f3rza k\/ Ustrzyk Dolnych.23 sierpnia czyli w przysz\u0142\u0105 niedziel\u0119 b\u0119dziemy go\u015bci\u0107 uczestnik\u00f3w rajdu &hellip;","og_url":"https:\/\/parafiaustrzyki.pl\/index.php\/2026\/08\/15\/rajd-rowerowy-w-106-rocznice-bitwy-orlat-lwowskich\/","og_site_name":"Parafia pw. NMP Kr\u00f3lowej Polski w Ustrzykach Dolnych","article_published_time":"2026-08-15T20:19:42+00:00","article_modified_time":"2026-08-15T20:22:00+00:00","og_image":[{"width":530,"height":361,"url":"https:\/\/parafiaustrzyki.pl\/wp-content\/uploads\/zaproszenie_Zadworze.png","type":"image\/png"}],"author":"admin","twitter_card":"summary_large_image","twitter_misc":{"Napisane przez":"admin","Szacowany czas czytania":"1 minuta"},"schema":{"@context":"https:\/\/schema.org","@graph":[{"@type":"Article","@id":"https:\/\/parafiaustrzyki.pl\/index.php\/2026\/08\/15\/rajd-rowerowy-w-106-rocznice-bitwy-orlat-lwowskich\/#article","isPartOf":{"@id":"https:\/\/parafiaustrzyki.pl\/index.php\/2026\/08\/15\/rajd-rowerowy-w-106-rocznice-bitwy-orlat-lwowskich\/"},"author":{"name":"admin","@id":"https:\/\/parafiaustrzyki.pl\/#\/schema\/person\/0093e7d61a4c4ca9a64b71422f505800"},"headline":"RAJD ROWEROWY W 106. ROCZNIC\u0118 BITWY \u201eORL\u0104T LWOWSKICH&#8221;","datePublished":"2026-08-15T20:19:42+00:00","dateModified":"2026-08-15T20:22:00+00:00","mainEntityOfPage":{"@id":"https:\/\/parafiaustrzyki.pl\/index.php\/2026\/08\/15\/rajd-rowerowy-w-106-rocznice-bitwy-orlat-lwowskich\/"},"wordCount":83,"image":{"@id":"https:\/\/parafiaustrzyki.pl\/index.php\/2026\/08\/15\/rajd-rowerowy-w-106-rocznice-bitwy-orlat-lwowskich\/#primaryimage"},"thumbnailUrl":"https:\/\/parafiaustrzyki.pl\/wp-content\/uploads\/zaproszenie_Zadworze.png","articleSection":["Aktualno\u015bci"],"inLanguage":"pl-PL"},{"@type":"WebPage","@id":"https:\/\/parafiaustrzyki.pl\/index.php\/2026\/08\/15\/rajd-rowerowy-w-106-rocznice-bitwy-orlat-lwowskich\/","url":"https:\/\/parafiaustrzyki.pl\/index.php\/2026\/08\/15\/rajd-rowerowy-w-106-rocznice-bitwy-orlat-lwowskich\/","name":"RAJD ROWEROWY W 106. ROCZNIC\u0118 BITWY \u201eORL\u0104T LWOWSKICH\" - Parafia pw. NMP Kr\u00f3lowej Polski w Ustrzykach Dolnych","isPartOf":{"@id":"https:\/\/parafiaustrzyki.pl\/#website"},"primaryImageOfPage":{"@id":"https:\/\/parafiaustrzyki.pl\/index.php\/2026\/08\/15\/rajd-rowerowy-w-106-rocznice-bitwy-orlat-lwowskich\/#primaryimage"},"image":{"@id":"https:\/\/parafiaustrzyki.pl\/index.php\/2026\/08\/15\/rajd-rowerowy-w-106-rocznice-bitwy-orlat-lwowskich\/#primaryimage"},"thumbnailUrl":"https:\/\/parafiaustrzyki.pl\/wp-content\/uploads\/zaproszenie_Zadworze.png","datePublished":"2026-08-15T20:19:42+00:00","dateModified":"2026-08-15T20:22:00+00:00","author":{"@id":"https:\/\/parafiaustrzyki.pl\/#\/schema\/person\/0093e7d61a4c4ca9a64b71422f505800"},"breadcrumb":{"@id":"https:\/\/parafiaustrzyki.pl\/index.php\/2026\/08\/15\/rajd-rowerowy-w-106-rocznice-bitwy-orlat-lwowskich\/#breadcrumb"},"inLanguage":"pl-PL","potentialAction":[{"@type":"ReadAction","target":["https:\/\/parafiaustrzyki.pl\/index.php\/2026\/08\/15\/rajd-rowerowy-w-106-rocznice-bitwy-orlat-lwowskich\/"]}]},{"@type":"ImageObject","inLanguage":"pl-PL","@id":"https:\/\/parafiaustrzyki.pl\/index.php\/2026\/08\/15\/rajd-rowerowy-w-106-rocznice-bitwy-orlat-lwowskich\/#primaryimage","url":"https:\/\/parafiaustrzyki.pl\/wp-content\/uploads\/zaproszenie_Zadworze.png","contentUrl":"https:\/\/parafiaustrzyki.pl\/wp-content\/uploads\/zaproszenie_Zadworze.png","width":530,"height":361},{"@type":"BreadcrumbList","@id":"https:\/\/parafiaustrzyki.pl\/index.php\/2026\/08\/15\/rajd-rowerowy-w-106-rocznice-bitwy-orlat-lwowskich\/#breadcrumb","itemListElement":[{"@type":"ListItem","position":1,"name":"Strona g\u0142\u00f3wna","item":"https:\/\/parafiaustrzyki.pl\/"},{"@type":"ListItem","position":2,"name":"RAJD ROWEROWY W 106. ROCZNIC\u0118 BITWY \u201eORL\u0104T LWOWSKICH&#8221;"}]},{"@type":"WebSite","@id":"https:\/\/parafiaustrzyki.pl\/#website","url":"https:\/\/parafiaustrzyki.pl\/","name":"Parafia pw. NMP Kr\u00f3lowej Polski w Ustrzykach Dolnych","description":"Witamy w naszej parafii","potentialAction":[{"@type":"SearchAction","target":{"@type":"EntryPoint","urlTemplate":"https:\/\/parafiaustrzyki.pl\/?s={search_term_string}"},"query-input":{"@type":"PropertyValueSpecification","valueRequired":true,"valueName":"search_term_string"}}],"inLanguage":"pl-PL"},{"@type":"Person","@id":"https:\/\/parafiaustrzyki.pl\/#\/schema\/person\/0093e7d61a4c4ca9a64b71422f505800","name":"admin","sameAs":["https:\/\/parafiaustrzyki.pl"],"url":"https:\/\/parafiaustrzyki.pl\/index.php\/author\/admin-2\/"}]}},"jetpack-related-posts":[{"id":3950,"url":"https:\/\/parafiaustrzyki.pl\/index.php\/2026\/08\/27\/komancza-uczcila-70-rocznice-jasnogorskich-slubow-narodu-polskiego\/","url_meta":{"origin":3910,"position":0},"title":"KOMA\u0143CZA UCZCI\u0141A 70. ROCZNIC\u0118 JASNOG\u00d3RSKICH \u015aLUB\u00d3W NARODU POLSKIEGO","author":"admin","date":"27 sierpnia 2026","format":false,"excerpt":"26 sierpnia 2026 roku w Koma\u0144czy odby\u0142y si\u0119 uroczysto\u015bci upami\u0119tniaj\u0105ce 70. rocznic\u0119 Jasnog\u00f3rskich \u015alub\u00f3w Narodu Polskiego. To w\u0142a\u015bnie tutaj, podczas internowania, kardyna\u0142 Stefan Wyszy\u0144ski przygotowa\u0142 tekst \u015alub\u00f3w, kt\u00f3re 26 sierpnia 1956 roku zosta\u0142y uroczy\u015bcie z\u0142o\u017cone na Jasnej G\u00f3rze. Obchody rozpocz\u0119\u0142y si\u0119 Msz\u0105 \u015awi\u0119t\u0105 polow\u0105, po kt\u00f3rej odby\u0142 si\u0119 koncert \u201eWiara,\u2026","rel":"","context":"W \u201eAktualno\u015bci&quot;","block_context":{"text":"Aktualno\u015bci","link":"https:\/\/parafiaustrzyki.pl\/index.php\/category\/aktualnosci\/"},"img":{"alt_text":"","src":"https:\/\/i0.wp.com\/parafiaustrzyki.pl\/wp-content\/uploads\/Komancza.png?resize=350%2C200&ssl=1","width":350,"height":200,"srcset":"https:\/\/i0.wp.com\/parafiaustrzyki.pl\/wp-content\/uploads\/Komancza.png?resize=350%2C200&ssl=1 1x, https:\/\/i0.wp.com\/parafiaustrzyki.pl\/wp-content\/uploads\/Komancza.png?resize=525%2C300&ssl=1 1.5x"},"classes":[]},{"id":3894,"url":"https:\/\/parafiaustrzyki.pl\/index.php\/2026\/08\/21\/zaproszenie-do-udzialu-w-obchodach-70-rocznicy-jasnogorskich-slubow-narodu-polskiego-edytuj-zaproszenie-do-udzialu-w-obchodach-70-rocznicy-jasnogorskich-slubow-narodu-polskiego-zaproszenie-do-ud\/","url_meta":{"origin":3910,"position":1},"title":"ZAPROSZENIE DO UDZIA\u0141U W OBCHODACH 70. ROCZNICY JASNOG\u00d3RSKICH \u015aLUB\u00d3W NARODU POLSKIEGO","author":"admin","date":"21 sierpnia 2026","format":false,"excerpt":"Stowarzyszenie O\u015brodek My\u015bli Prymasa Stefana Kardyna\u0142a Wyszy\u0144skiego w Koma\u0144czy zaprasza do Koma\u0144czy w dniu 26 sierpnia 2026 roku, do wsp\u00f3lnego prze\u017cywania wyj\u0105tkowego dnia modlitwy, pami\u0119ci i patriotycznej refleksji z okazji 70. rocznicy Jasnog\u00f3rskich \u015alub\u00f3w Narodu Polskiego. Program uroczysto\u015bci: 18:00 \u2013 Uroczysta Msza \u015awi\u0119ta Polowaprzy Szkole Podstawowej im. Kardyna\u0142a Stefana Wyszy\u0144skiego\u2026","rel":"","context":"W \u201eAktualno\u015bci&quot;","block_context":{"text":"Aktualno\u015bci","link":"https:\/\/parafiaustrzyki.pl\/index.php\/category\/aktualnosci\/"},"img":{"alt_text":"","src":"https:\/\/i0.wp.com\/parafiaustrzyki.pl\/wp-content\/uploads\/Komancza_2026_m-1.png?resize=350%2C200&ssl=1","width":350,"height":200,"srcset":"https:\/\/i0.wp.com\/parafiaustrzyki.pl\/wp-content\/uploads\/Komancza_2026_m-1.png?resize=350%2C200&ssl=1 1x, https:\/\/i0.wp.com\/parafiaustrzyki.pl\/wp-content\/uploads\/Komancza_2026_m-1.png?resize=525%2C300&ssl=1 1.5x"},"classes":[]},{"id":1475,"url":"https:\/\/parafiaustrzyki.pl\/index.php\/2025\/11\/27\/20-lecie-wtz-w-ustrzykach-dolnych-wspolne-dziekczynienie-za-dwie-dekady-pracy-i-przyjazni\/","url_meta":{"origin":3910,"position":2},"title":"20-LECIE WTZ W USTRZYKACH DOLNYCH \u2013 WSP\u00d3LNE DZI\u0118KCZYNIENIE ZA DWIE DEKADY PRACY I PRZYJA\u0179NI","author":"admin","date":"27 listopada 2025","format":false,"excerpt":"Ustrzyki Dolne obchodzi\u0142y niezwyk\u0142\u0105 rocznic\u0119 \u2013 XX-lecie istnienia Warsztat\u00f3w Terapii Zaj\u0119ciowej. To czas pe\u0142en wzrusze\u0144, rado\u015bci i wspomnie\u0144, kt\u00f3re na d\u0142ugo pozostan\u0105 w sercach uczestnik\u00f3w, pracownik\u00f3w i przyjaci\u00f3\u0142 o\u015brodka. Uroczysto\u015bci rozpocz\u0119\u0142y si\u0119 od szczeg\u00f3lnego momentu \u2013 uroczystej Mszy \u015awi\u0119tej sprawowanej w naszym ko\u015bciele parafialnym. W ko\u015bciele zgromadzili si\u0119 uczestnicy warsztat\u00f3w,\u2026","rel":"","context":"W \u201eAktualno\u015bci&quot;","block_context":{"text":"Aktualno\u015bci","link":"https:\/\/parafiaustrzyki.pl\/index.php\/category\/aktualnosci\/"},"img":{"alt_text":"","src":"https:\/\/i0.wp.com\/parafiaustrzyki.pl\/wp-content\/uploads\/WTZ.png?resize=350%2C200&ssl=1","width":350,"height":200,"srcset":"https:\/\/i0.wp.com\/parafiaustrzyki.pl\/wp-content\/uploads\/WTZ.png?resize=350%2C200&ssl=1 1x, https:\/\/i0.wp.com\/parafiaustrzyki.pl\/wp-content\/uploads\/WTZ.png?resize=525%2C300&ssl=1 1.5x"},"classes":[]},{"id":3917,"url":"https:\/\/parafiaustrzyki.pl\/index.php\/2026\/08\/16\/imieniny-ksiedza-proboszcza-jacka-i-podziekowanie-za-posluge-ksiedza-wojciecha\/","url_meta":{"origin":3910,"position":3},"title":"IMIENINY KSI\u0118DZA PROBOSZCZA JACKA I PODZI\u0118KOWANIE ZA POS\u0141UG\u0118 KSI\u0118DZA WOJCIECHA","author":"admin","date":"16 sierpnia 2026","format":false,"excerpt":"W niedziel\u0119, 16 sierpnia, podczas Mszy \u015awi\u0119tej o godz. 11.00 nasza wsp\u00f3lnota parafialna modli\u0142a si\u0119 w spos\u00f3b szczeg\u00f3lny w intencji Ksi\u0119dza Proboszcza Jacka, prze\u017cywaj\u0105cego w poniedzia\u0142ek swoje imieniny. By\u0142 to r\u00f3wnie\u017c czas wdzi\u0119czno\u015bci za trzy lata pos\u0142ugi wikariuszowskiej Ksi\u0119dza Wojciecha, kt\u00f3ry opuszcza nasz\u0105 parafi\u0119, aby podj\u0105\u0107 kap\u0142a\u0144skie obowi\u0105zki w nowym\u2026","rel":"","context":"W \u201eAktualno\u015bci&quot;","block_context":{"text":"Aktualno\u015bci","link":"https:\/\/parafiaustrzyki.pl\/index.php\/category\/aktualnosci\/"},"img":{"alt_text":"","src":"https:\/\/i0.wp.com\/parafiaustrzyki.pl\/wp-content\/uploads\/16.png?resize=350%2C200&ssl=1","width":350,"height":200,"srcset":"https:\/\/i0.wp.com\/parafiaustrzyki.pl\/wp-content\/uploads\/16.png?resize=350%2C200&ssl=1 1x, https:\/\/i0.wp.com\/parafiaustrzyki.pl\/wp-content\/uploads\/16.png?resize=525%2C300&ssl=1 1.5x"},"classes":[]},{"id":3286,"url":"https:\/\/parafiaustrzyki.pl\/index.php\/2026\/05\/23\/echo-wroclawia-z-koncertem-w-naszej-swiatynii\/","url_meta":{"origin":3910,"position":4},"title":"ECHO WROC\u0141AWIA Z KONCERTEM W NASZEJ \u015aWI\u0104TYNII","author":"admin","date":"23 maja 2026","format":false,"excerpt":"W sobot\u0119, 23 maja, w naszej \u015bwi\u0105tyni odby\u0142 si\u0119 wyj\u0105tkowy koncert kwartetu saksofonowego ECHO WROC\u0141AWIA, zorganizowany w ramach VII Mi\u0119dzynarodowego Festiwalu Muzyki Organowej i Kameralnej przez Stowarzyszenie PRO ARTIS. Wiecz\u00f3r zgromadzi\u0142 licznych parafian, mieszka\u0144c\u00f3w Ustrzyk Dolnych oraz mi\u0142o\u015bnik\u00f3w muzyki, kt\u00f3rzy mogli wys\u0142ucha\u0107 pi\u0119knych interpretacji znanych utwor\u00f3w muzyki klasycznej i kameralnej.\u2026","rel":"","context":"W \u201eAktualno\u015bci&quot;","block_context":{"text":"Aktualno\u015bci","link":"https:\/\/parafiaustrzyki.pl\/index.php\/category\/aktualnosci\/"},"img":{"alt_text":"","src":"https:\/\/i0.wp.com\/parafiaustrzyki.pl\/wp-content\/uploads\/koncert_echo_wroclawia.png?resize=350%2C200&ssl=1","width":350,"height":200,"srcset":"https:\/\/i0.wp.com\/parafiaustrzyki.pl\/wp-content\/uploads\/koncert_echo_wroclawia.png?resize=350%2C200&ssl=1 1x, https:\/\/i0.wp.com\/parafiaustrzyki.pl\/wp-content\/uploads\/koncert_echo_wroclawia.png?resize=525%2C300&ssl=1 1.5x"},"classes":[]},{"id":1673,"url":"https:\/\/parafiaustrzyki.pl\/index.php\/2026\/01\/15\/zaproszenie-na-jaselka-w-udk\/","url_meta":{"origin":3910,"position":5},"title":"ZAPROSZENIE NA JASE\u0141KA W UDK","author":"admin","date":"15 stycznia 2026","format":false,"excerpt":"Zapraszamy na\u00a0 wyj\u0105tkowe widowisko bo\u017conarodzeniowe \u201e\u015awi\u0105teczna Ulica\u201d w wykonaniu dzieci, m\u0142odzie\u017cy i doros\u0142ych z ustrzyckich parafii, Grupy Teatralnej, Zespo\u0142u Tanecznego \u201eNemezis\u201d, Grupy Tanecznej \u201eIskierki\u201d oraz Samorz\u0105dowej Szko\u0142y Muzycznej I stopnia w Ustrzykach Dolnych. Jase\u0142ka zostan\u0105 przedstawione w Ustrzyckim Domu Kultury w dniu 18 stycznia 2026 roku o godz. 14:00 i\u2026","rel":"","context":"W \u201eAktualno\u015bci&quot;","block_context":{"text":"Aktualno\u015bci","link":"https:\/\/parafiaustrzyki.pl\/index.php\/category\/aktualnosci\/"},"img":{"alt_text":"","src":"https:\/\/i0.wp.com\/parafiaustrzyki.pl\/wp-content\/uploads\/jaselka_2026.png?resize=350%2C200&ssl=1","width":350,"height":200,"srcset":"https:\/\/i0.wp.com\/parafiaustrzyki.pl\/wp-content\/uploads\/jaselka_2026.png?resize=350%2C200&ssl=1 1x, https:\/\/i0.wp.com\/parafiaustrzyki.pl\/wp-content\/uploads\/jaselka_2026.png?resize=525%2C300&ssl=1 1.5x"},"classes":[]}],"jetpack_featured_media_url":"https:\/\/parafiaustrzyki.pl\/wp-content\/uploads\/zaproszenie_Zadworze.png","_links":{"self":[{"href":"https:\/\/parafiaustrzyki.pl\/index.php\/wp-json\/wp\/v2\/posts\/3910","targetHints":{"allow":["GET"]}}],"collection":[{"href":"https:\/\/parafiaustrzyki.pl\/index.php\/wp-json\/wp\/v2\/posts"}],"about":[{"href":"https:\/\/parafiaustrzyki.pl\/index.php\/wp-json\/wp\/v2\/types\/post"}],"author":[{"embeddable":true,"href":"https:\/\/parafiaustrzyki.pl\/index.php\/wp-json\/wp\/v2\/users\/2"}],"replies":[{"embeddable":true,"href":"https:\/\/parafiaustrzyki.pl\/index.php\/wp-json\/wp\/v2\/comments?post=3910"}],"version-history":[{"count":1,"href":"https:\/\/parafiaustrzyki.pl\/index.php\/wp-json\/wp\/v2\/posts\/3910\/revisions"}],"predecessor-version":[{"id":3915,"href":"https:\/\/parafiaustrzyki.pl\/index.php\/wp-json\/wp\/v2\/posts\/3910\/revisions\/3915"}],"wp:featuredmedia":[{"embeddable":true,"href":"https:\/\/parafiaustrzyki.pl\/index.php\/wp-json\/wp\/v2\/media\/3916"}],"wp:attachment":[{"href":"https:\/\/parafiaustrzyki.pl\/index.php\/wp-json\/wp\/v2\/media?parent=3910"}],"wp:term":[{"taxonomy":"category","embeddable":true,"href":"https:\/\/parafiaustrzyki.pl\/index.php\/wp-json\/wp\/v2\/categories?post=3910"},{"taxonomy":"post_tag","embeddable":true,"href":"https:\/\/parafiaustrzyki.pl\/index.php\/wp-json\/wp\/v2\/tags?post=3910"}],"curies":[{"name":"wp","href":"https:\/\/api.w.org\/{rel}","templated":true}]}}