{"id":3894,"date":"2026-08-21T20:04:13","date_gmt":"2026-08-21T20:04:13","guid":{"rendered":"https:\/\/parafiaustrzyki.pl\/?p=3894"},"modified":"2026-08-22T19:37:49","modified_gmt":"2026-08-22T19:37:49","slug":"zaproszenie-do-udzialu-w-obchodach-70-rocznicy-jasnogorskich-slubow-narodu-polskiego-edytuj-zaproszenie-do-udzialu-w-obchodach-70-rocznicy-jasnogorskich-slubow-narodu-polskiego-zaproszenie-do-ud","status":"publish","type":"post","link":"https:\/\/parafiaustrzyki.pl\/index.php\/2026\/08\/21\/zaproszenie-do-udzialu-w-obchodach-70-rocznicy-jasnogorskich-slubow-narodu-polskiego-edytuj-zaproszenie-do-udzialu-w-obchodach-70-rocznicy-jasnogorskich-slubow-narodu-polskiego-zaproszenie-do-ud\/","title":{"rendered":"ZAPROSZENIE DO UDZIA\u0141U W OBCHODACH 70. ROCZNICY JASNOG\u00d3RSKICH \u015aLUB\u00d3W NARODU POLSKIEGO"},"content":{"rendered":"<p style=\"text-align: justify;\">Stowarzyszenie O\u015brodek My\u015bli Prymasa Stefana Kardyna\u0142a Wyszy\u0144skiego w Koma\u0144czy zaprasza do Koma\u0144czy w dniu 26 sierpnia 2026 roku, do wsp\u00f3lnego prze\u017cywania wyj\u0105tkowego dnia modlitwy, pami\u0119ci i patriotycznej refleksji z okazji <strong data-start=\"334\" data-end=\"388\">70. rocznicy Jasnog\u00f3rskich \u015alub\u00f3w Narodu Polskiego.<\/strong><\/p>\n<p style=\"text-align: justify;\" data-start=\"391\" data-end=\"416\"><strong data-start=\"391\" data-end=\"416\">Program uroczysto\u015bci:<\/strong><\/p>\n<p style=\"text-align: justify;\" data-start=\"418\" data-end=\"600\"><img decoding=\"async\" class=\"emoji\" role=\"img\" draggable=\"false\" src=\"https:\/\/s.w.org\/images\/core\/emoji\/17.0.2\/svg\/1f555.svg\" alt=\"\ud83d\udd55\"> <strong data-start=\"421\" data-end=\"461\">18:00 \u2013 Uroczysta Msza \u015awi\u0119ta Polowa<\/strong><br data-start=\"461\" data-end=\"464\">przy Szkole Podstawowej im. Kardyna\u0142a Stefana Wyszy\u0144skiego w Koma\u0144czy,<br data-start=\"534\" data-end=\"537\">pod przewodnictwem <strong data-start=\"556\" data-end=\"599\">Jego Ekscelencji Biskupa Mariana Buczka<\/strong>.<\/p>\n<p style=\"text-align: justify;\" data-start=\"602\" data-end=\"800\"><img decoding=\"async\" class=\"emoji\" role=\"img\" draggable=\"false\" src=\"https:\/\/s.w.org\/images\/core\/emoji\/17.0.2\/svg\/1f562.svg\" alt=\"\ud83d\udd62\"> <strong data-start=\"605\" data-end=\"651\">19:30 \u2013 Koncert \u201eWiara, Nadzieja i Mi\u0142o\u015b\u0107\u201d<\/strong><br data-start=\"651\" data-end=\"654\">Wyst\u0105pi <strong data-start=\"662\" data-end=\"736\">Orkiestra Filharmonii Podkarpackiej im. Artura Malawskiego w Rzeszowie<\/strong> pod batut\u0105 <strong data-start=\"748\" data-end=\"769\">Mieczys\u0142awa Smydy<\/strong> wraz z zaproszonymi solistami.<\/p>\n<p style=\"text-align: justify;\" data-start=\"802\" data-end=\"910\">W programie koncertu znajd\u0105 si\u0119 utwory o tematyce religijnej oraz fragmenty <strong data-start=\"878\" data-end=\"909\">Jasnog\u00f3rskich \u015alub\u00f3w Narodu<\/strong>.<\/p>\n<p style=\"text-align: justify;\" data-start=\"912\" data-end=\"1003\"><img decoding=\"async\" class=\"emoji\" role=\"img\" draggable=\"false\" src=\"https:\/\/s.w.org\/images\/core\/emoji\/17.0.2\/svg\/1f558.svg\" alt=\"\ud83d\udd58\"> <strong data-start=\"915\" data-end=\"943\">21:00 \u2013 Apel Jasnog\u00f3rski<\/strong><br data-start=\"943\" data-end=\"946\">w duchu jedno\u015bci i zawierzenia Matce Bo\u017cej Jasnog\u00f3rskiej.<\/p>\n<p style=\"text-align: justify;\" data-start=\"1005\" data-end=\"1135\">Organizatorzy serdecznie zapraszaj\u0105 wszystkich mieszka\u0144c\u00f3w, pielgrzym\u00f3w oraz go\u015bci do wsp\u00f3lnego uczczenia tej wyj\u0105tkowej rocznicy.<\/p>\n<p style=\"text-align: justify;\" data-start=\"1137\" data-end=\"1178\"><strong data-start=\"1137\" data-end=\"1178\">Do zobaczenia 26 sierpnia w Koma\u0144czy!<\/strong><\/p>\n<p data-start=\"1137\" data-end=\"1178\"><img loading=\"lazy\" decoding=\"async\" class=\"aligncenter wp-image-3896 size-large\" src=\"https:\/\/parafiaustrzyki.pl\/wp-content\/uploads\/Komancza_2026-1-724x1024.png\" alt=\"\" width=\"724\" height=\"1024\" srcset=\"https:\/\/parafiaustrzyki.pl\/wp-content\/uploads\/Komancza_2026-1-724x1024.png 724w, https:\/\/parafiaustrzyki.pl\/wp-content\/uploads\/Komancza_2026-1-212x300.png 212w, https:\/\/parafiaustrzyki.pl\/wp-content\/uploads\/Komancza_2026-1-106x150.png 106w, https:\/\/parafiaustrzyki.pl\/wp-content\/uploads\/Komancza_2026-1-768x1086.png 768w, https:\/\/parafiaustrzyki.pl\/wp-content\/uploads\/Komancza_2026-1-248x350.png 248w, https:\/\/parafiaustrzyki.pl\/wp-content\/uploads\/Komancza_2026-1.png 1080w\" sizes=\"auto, (max-width: 724px) 100vw, 724px\" \/><\/p>\n","protected":false},"excerpt":{"rendered":"<p>Stowarzyszenie O\u015brodek My\u015bli Prymasa Stefana Kardyna\u0142a Wyszy\u0144skiego w Koma\u0144czy zaprasza do Koma\u0144czy w dniu 26 sierpnia 2026 roku, do wsp\u00f3lnego prze\u017cywania wyj\u0105tkowego dnia modlitwy, pami\u0119ci i patriotycznej refleksji z okazji 70. rocznicy Jasnog\u00f3rskich \u015alub\u00f3w Narodu Polskiego. Program uroczysto\u015bci: 18:00 \u2013 Uroczysta Msza \u015awi\u0119ta Polowaprzy Szkole Podstawowej im. Kardyna\u0142a Stefana Wyszy\u0144skiego &hellip;<\/p>\n","protected":false},"author":2,"featured_media":3895,"comment_status":"closed","ping_status":"closed","sticky":false,"template":"","format":"standard","meta":{"ngg_post_thumbnail":0,"footnotes":"","jetpack_post_was_ever_published":false},"categories":[6],"tags":[],"class_list":["post-3894","post","type-post","status-publish","format-standard","has-post-thumbnail","hentry","category-aktualnosci"],"yoast_head":"<!-- This site is optimized with the Yoast SEO plugin v28.3 - https:\/\/yoast.com\/product\/yoast-seo-wordpress\/ -->\n<title>ZAPROSZENIE DO UDZIA\u0141U W OBCHODACH 70. ROCZNICY JASNOG\u00d3RSKICH \u015aLUB\u00d3W NARODU POLSKIEGO - Parafia pw. NMP Kr\u00f3lowej Polski w Ustrzykach Dolnych<\/title>\n<meta name=\"robots\" content=\"index, follow, max-snippet:-1, max-image-preview:large, max-video-preview:-1\" \/>\n<link rel=\"canonical\" href=\"https:\/\/parafiaustrzyki.pl\/index.php\/2026\/08\/21\/zaproszenie-do-udzialu-w-obchodach-70-rocznicy-jasnogorskich-slubow-narodu-polskiego-edytuj-zaproszenie-do-udzialu-w-obchodach-70-rocznicy-jasnogorskich-slubow-narodu-polskiego-zaproszenie-do-ud\/\" \/>\n<meta property=\"og:locale\" content=\"pl_PL\" \/>\n<meta property=\"og:type\" content=\"article\" \/>\n<meta property=\"og:title\" content=\"ZAPROSZENIE DO UDZIA\u0141U W OBCHODACH 70. ROCZNICY JASNOG\u00d3RSKICH \u015aLUB\u00d3W NARODU POLSKIEGO - Parafia pw. NMP Kr\u00f3lowej Polski w Ustrzykach Dolnych\" \/>\n<meta property=\"og:description\" content=\"Stowarzyszenie O\u015brodek My\u015bli Prymasa Stefana Kardyna\u0142a Wyszy\u0144skiego w Koma\u0144czy zaprasza do Koma\u0144czy w dniu 26 sierpnia 2026 roku, do wsp\u00f3lnego prze\u017cywania wyj\u0105tkowego dnia modlitwy, pami\u0119ci i patriotycznej refleksji z okazji 70. rocznicy Jasnog\u00f3rskich \u015alub\u00f3w Narodu Polskiego. Program uroczysto\u015bci: 18:00 \u2013 Uroczysta Msza \u015awi\u0119ta Polowaprzy Szkole Podstawowej im. Kardyna\u0142a Stefana Wyszy\u0144skiego &hellip;\" \/>\n<meta property=\"og:url\" content=\"https:\/\/parafiaustrzyki.pl\/index.php\/2026\/08\/21\/zaproszenie-do-udzialu-w-obchodach-70-rocznicy-jasnogorskich-slubow-narodu-polskiego-edytuj-zaproszenie-do-udzialu-w-obchodach-70-rocznicy-jasnogorskich-slubow-narodu-polskiego-zaproszenie-do-ud\/\" \/>\n<meta property=\"og:site_name\" content=\"Parafia pw. NMP Kr\u00f3lowej Polski w Ustrzykach Dolnych\" \/>\n<meta property=\"article:published_time\" content=\"2026-08-21T20:04:13+00:00\" \/>\n<meta property=\"article:modified_time\" content=\"2026-08-22T19:37:49+00:00\" \/>\n<meta property=\"og:image\" content=\"https:\/\/parafiaustrzyki.pl\/wp-content\/uploads\/Komancza_2026_m-1.png\" \/>\n\t<meta property=\"og:image:width\" content=\"530\" \/>\n\t<meta property=\"og:image:height\" content=\"353\" \/>\n\t<meta property=\"og:image:type\" content=\"image\/png\" \/>\n<meta name=\"author\" content=\"admin\" \/>\n<meta name=\"twitter:card\" content=\"summary_large_image\" \/>\n<meta name=\"twitter:label1\" content=\"Napisane przez\" \/>\n\t<meta name=\"twitter:data1\" content=\"admin\" \/>\n\t<meta name=\"twitter:label2\" content=\"Szacowany czas czytania\" \/>\n\t<meta name=\"twitter:data2\" content=\"2 minuty\" \/>\n<script type=\"application\/ld+json\" class=\"yoast-schema-graph\">{\"@context\":\"https:\\\/\\\/schema.org\",\"@graph\":[{\"@type\":\"Article\",\"@id\":\"https:\\\/\\\/parafiaustrzyki.pl\\\/index.php\\\/2026\\\/08\\\/21\\\/zaproszenie-do-udzialu-w-obchodach-70-rocznicy-jasnogorskich-slubow-narodu-polskiego-edytuj-zaproszenie-do-udzialu-w-obchodach-70-rocznicy-jasnogorskich-slubow-narodu-polskiego-zaproszenie-do-ud\\\/#article\",\"isPartOf\":{\"@id\":\"https:\\\/\\\/parafiaustrzyki.pl\\\/index.php\\\/2026\\\/08\\\/21\\\/zaproszenie-do-udzialu-w-obchodach-70-rocznicy-jasnogorskich-slubow-narodu-polskiego-edytuj-zaproszenie-do-udzialu-w-obchodach-70-rocznicy-jasnogorskich-slubow-narodu-polskiego-zaproszenie-do-ud\\\/\"},\"author\":{\"name\":\"admin\",\"@id\":\"https:\\\/\\\/parafiaustrzyki.pl\\\/#\\\/schema\\\/person\\\/0093e7d61a4c4ca9a64b71422f505800\"},\"headline\":\"ZAPROSZENIE DO UDZIA\u0141U W OBCHODACH 70. ROCZNICY JASNOG\u00d3RSKICH \u015aLUB\u00d3W NARODU POLSKIEGO\",\"datePublished\":\"2026-08-21T20:04:13+00:00\",\"dateModified\":\"2026-08-22T19:37:49+00:00\",\"mainEntityOfPage\":{\"@id\":\"https:\\\/\\\/parafiaustrzyki.pl\\\/index.php\\\/2026\\\/08\\\/21\\\/zaproszenie-do-udzialu-w-obchodach-70-rocznicy-jasnogorskich-slubow-narodu-polskiego-edytuj-zaproszenie-do-udzialu-w-obchodach-70-rocznicy-jasnogorskich-slubow-narodu-polskiego-zaproszenie-do-ud\\\/\"},\"wordCount\":166,\"image\":{\"@id\":\"https:\\\/\\\/parafiaustrzyki.pl\\\/index.php\\\/2026\\\/08\\\/21\\\/zaproszenie-do-udzialu-w-obchodach-70-rocznicy-jasnogorskich-slubow-narodu-polskiego-edytuj-zaproszenie-do-udzialu-w-obchodach-70-rocznicy-jasnogorskich-slubow-narodu-polskiego-zaproszenie-do-ud\\\/#primaryimage\"},\"thumbnailUrl\":\"https:\\\/\\\/parafiaustrzyki.pl\\\/wp-content\\\/uploads\\\/Komancza_2026_m-1.png\",\"articleSection\":[\"Aktualno\u015bci\"],\"inLanguage\":\"pl-PL\"},{\"@type\":\"WebPage\",\"@id\":\"https:\\\/\\\/parafiaustrzyki.pl\\\/index.php\\\/2026\\\/08\\\/21\\\/zaproszenie-do-udzialu-w-obchodach-70-rocznicy-jasnogorskich-slubow-narodu-polskiego-edytuj-zaproszenie-do-udzialu-w-obchodach-70-rocznicy-jasnogorskich-slubow-narodu-polskiego-zaproszenie-do-ud\\\/\",\"url\":\"https:\\\/\\\/parafiaustrzyki.pl\\\/index.php\\\/2026\\\/08\\\/21\\\/zaproszenie-do-udzialu-w-obchodach-70-rocznicy-jasnogorskich-slubow-narodu-polskiego-edytuj-zaproszenie-do-udzialu-w-obchodach-70-rocznicy-jasnogorskich-slubow-narodu-polskiego-zaproszenie-do-ud\\\/\",\"name\":\"ZAPROSZENIE DO UDZIA\u0141U W OBCHODACH 70. ROCZNICY JASNOG\u00d3RSKICH \u015aLUB\u00d3W NARODU POLSKIEGO - Parafia pw. NMP Kr\u00f3lowej Polski w Ustrzykach Dolnych\",\"isPartOf\":{\"@id\":\"https:\\\/\\\/parafiaustrzyki.pl\\\/#website\"},\"primaryImageOfPage\":{\"@id\":\"https:\\\/\\\/parafiaustrzyki.pl\\\/index.php\\\/2026\\\/08\\\/21\\\/zaproszenie-do-udzialu-w-obchodach-70-rocznicy-jasnogorskich-slubow-narodu-polskiego-edytuj-zaproszenie-do-udzialu-w-obchodach-70-rocznicy-jasnogorskich-slubow-narodu-polskiego-zaproszenie-do-ud\\\/#primaryimage\"},\"image\":{\"@id\":\"https:\\\/\\\/parafiaustrzyki.pl\\\/index.php\\\/2026\\\/08\\\/21\\\/zaproszenie-do-udzialu-w-obchodach-70-rocznicy-jasnogorskich-slubow-narodu-polskiego-edytuj-zaproszenie-do-udzialu-w-obchodach-70-rocznicy-jasnogorskich-slubow-narodu-polskiego-zaproszenie-do-ud\\\/#primaryimage\"},\"thumbnailUrl\":\"https:\\\/\\\/parafiaustrzyki.pl\\\/wp-content\\\/uploads\\\/Komancza_2026_m-1.png\",\"datePublished\":\"2026-08-21T20:04:13+00:00\",\"dateModified\":\"2026-08-22T19:37:49+00:00\",\"author\":{\"@id\":\"https:\\\/\\\/parafiaustrzyki.pl\\\/#\\\/schema\\\/person\\\/0093e7d61a4c4ca9a64b71422f505800\"},\"breadcrumb\":{\"@id\":\"https:\\\/\\\/parafiaustrzyki.pl\\\/index.php\\\/2026\\\/08\\\/21\\\/zaproszenie-do-udzialu-w-obchodach-70-rocznicy-jasnogorskich-slubow-narodu-polskiego-edytuj-zaproszenie-do-udzialu-w-obchodach-70-rocznicy-jasnogorskich-slubow-narodu-polskiego-zaproszenie-do-ud\\\/#breadcrumb\"},\"inLanguage\":\"pl-PL\",\"potentialAction\":[{\"@type\":\"ReadAction\",\"target\":[\"https:\\\/\\\/parafiaustrzyki.pl\\\/index.php\\\/2026\\\/08\\\/21\\\/zaproszenie-do-udzialu-w-obchodach-70-rocznicy-jasnogorskich-slubow-narodu-polskiego-edytuj-zaproszenie-do-udzialu-w-obchodach-70-rocznicy-jasnogorskich-slubow-narodu-polskiego-zaproszenie-do-ud\\\/\"]}]},{\"@type\":\"ImageObject\",\"inLanguage\":\"pl-PL\",\"@id\":\"https:\\\/\\\/parafiaustrzyki.pl\\\/index.php\\\/2026\\\/08\\\/21\\\/zaproszenie-do-udzialu-w-obchodach-70-rocznicy-jasnogorskich-slubow-narodu-polskiego-edytuj-zaproszenie-do-udzialu-w-obchodach-70-rocznicy-jasnogorskich-slubow-narodu-polskiego-zaproszenie-do-ud\\\/#primaryimage\",\"url\":\"https:\\\/\\\/parafiaustrzyki.pl\\\/wp-content\\\/uploads\\\/Komancza_2026_m-1.png\",\"contentUrl\":\"https:\\\/\\\/parafiaustrzyki.pl\\\/wp-content\\\/uploads\\\/Komancza_2026_m-1.png\",\"width\":530,\"height\":353},{\"@type\":\"BreadcrumbList\",\"@id\":\"https:\\\/\\\/parafiaustrzyki.pl\\\/index.php\\\/2026\\\/08\\\/21\\\/zaproszenie-do-udzialu-w-obchodach-70-rocznicy-jasnogorskich-slubow-narodu-polskiego-edytuj-zaproszenie-do-udzialu-w-obchodach-70-rocznicy-jasnogorskich-slubow-narodu-polskiego-zaproszenie-do-ud\\\/#breadcrumb\",\"itemListElement\":[{\"@type\":\"ListItem\",\"position\":1,\"name\":\"Strona g\u0142\u00f3wna\",\"item\":\"https:\\\/\\\/parafiaustrzyki.pl\\\/\"},{\"@type\":\"ListItem\",\"position\":2,\"name\":\"ZAPROSZENIE DO UDZIA\u0141U W OBCHODACH 70. ROCZNICY JASNOG\u00d3RSKICH \u015aLUB\u00d3W NARODU POLSKIEGO\"}]},{\"@type\":\"WebSite\",\"@id\":\"https:\\\/\\\/parafiaustrzyki.pl\\\/#website\",\"url\":\"https:\\\/\\\/parafiaustrzyki.pl\\\/\",\"name\":\"Parafia pw. NMP Kr\u00f3lowej Polski w Ustrzykach Dolnych\",\"description\":\"Witamy w naszej parafii\",\"potentialAction\":[{\"@type\":\"SearchAction\",\"target\":{\"@type\":\"EntryPoint\",\"urlTemplate\":\"https:\\\/\\\/parafiaustrzyki.pl\\\/?s={search_term_string}\"},\"query-input\":{\"@type\":\"PropertyValueSpecification\",\"valueRequired\":true,\"valueName\":\"search_term_string\"}}],\"inLanguage\":\"pl-PL\"},{\"@type\":\"Person\",\"@id\":\"https:\\\/\\\/parafiaustrzyki.pl\\\/#\\\/schema\\\/person\\\/0093e7d61a4c4ca9a64b71422f505800\",\"name\":\"admin\",\"sameAs\":[\"https:\\\/\\\/parafiaustrzyki.pl\"],\"url\":\"https:\\\/\\\/parafiaustrzyki.pl\\\/index.php\\\/author\\\/admin-2\\\/\"}]}<\/script>\n<!-- \/ Yoast SEO plugin. -->","yoast_head_json":{"title":"ZAPROSZENIE DO UDZIA\u0141U W OBCHODACH 70. ROCZNICY JASNOG\u00d3RSKICH \u015aLUB\u00d3W NARODU POLSKIEGO - Parafia pw. NMP Kr\u00f3lowej Polski w Ustrzykach Dolnych","robots":{"index":"index","follow":"follow","max-snippet":"max-snippet:-1","max-image-preview":"max-image-preview:large","max-video-preview":"max-video-preview:-1"},"canonical":"https:\/\/parafiaustrzyki.pl\/index.php\/2026\/08\/21\/zaproszenie-do-udzialu-w-obchodach-70-rocznicy-jasnogorskich-slubow-narodu-polskiego-edytuj-zaproszenie-do-udzialu-w-obchodach-70-rocznicy-jasnogorskich-slubow-narodu-polskiego-zaproszenie-do-ud\/","og_locale":"pl_PL","og_type":"article","og_title":"ZAPROSZENIE DO UDZIA\u0141U W OBCHODACH 70. ROCZNICY JASNOG\u00d3RSKICH \u015aLUB\u00d3W NARODU POLSKIEGO - Parafia pw. NMP Kr\u00f3lowej Polski w Ustrzykach Dolnych","og_description":"Stowarzyszenie O\u015brodek My\u015bli Prymasa Stefana Kardyna\u0142a Wyszy\u0144skiego w Koma\u0144czy zaprasza do Koma\u0144czy w dniu 26 sierpnia 2026 roku, do wsp\u00f3lnego prze\u017cywania wyj\u0105tkowego dnia modlitwy, pami\u0119ci i patriotycznej refleksji z okazji 70. rocznicy Jasnog\u00f3rskich \u015alub\u00f3w Narodu Polskiego. Program uroczysto\u015bci: 18:00 \u2013 Uroczysta Msza \u015awi\u0119ta Polowaprzy Szkole Podstawowej im. Kardyna\u0142a Stefana Wyszy\u0144skiego &hellip;","og_url":"https:\/\/parafiaustrzyki.pl\/index.php\/2026\/08\/21\/zaproszenie-do-udzialu-w-obchodach-70-rocznicy-jasnogorskich-slubow-narodu-polskiego-edytuj-zaproszenie-do-udzialu-w-obchodach-70-rocznicy-jasnogorskich-slubow-narodu-polskiego-zaproszenie-do-ud\/","og_site_name":"Parafia pw. NMP Kr\u00f3lowej Polski w Ustrzykach Dolnych","article_published_time":"2026-08-21T20:04:13+00:00","article_modified_time":"2026-08-22T19:37:49+00:00","og_image":[{"width":530,"height":353,"url":"https:\/\/parafiaustrzyki.pl\/wp-content\/uploads\/Komancza_2026_m-1.png","type":"image\/png"}],"author":"admin","twitter_card":"summary_large_image","twitter_misc":{"Napisane przez":"admin","Szacowany czas czytania":"2 minuty"},"schema":{"@context":"https:\/\/schema.org","@graph":[{"@type":"Article","@id":"https:\/\/parafiaustrzyki.pl\/index.php\/2026\/08\/21\/zaproszenie-do-udzialu-w-obchodach-70-rocznicy-jasnogorskich-slubow-narodu-polskiego-edytuj-zaproszenie-do-udzialu-w-obchodach-70-rocznicy-jasnogorskich-slubow-narodu-polskiego-zaproszenie-do-ud\/#article","isPartOf":{"@id":"https:\/\/parafiaustrzyki.pl\/index.php\/2026\/08\/21\/zaproszenie-do-udzialu-w-obchodach-70-rocznicy-jasnogorskich-slubow-narodu-polskiego-edytuj-zaproszenie-do-udzialu-w-obchodach-70-rocznicy-jasnogorskich-slubow-narodu-polskiego-zaproszenie-do-ud\/"},"author":{"name":"admin","@id":"https:\/\/parafiaustrzyki.pl\/#\/schema\/person\/0093e7d61a4c4ca9a64b71422f505800"},"headline":"ZAPROSZENIE DO UDZIA\u0141U W OBCHODACH 70. ROCZNICY JASNOG\u00d3RSKICH \u015aLUB\u00d3W NARODU POLSKIEGO","datePublished":"2026-08-21T20:04:13+00:00","dateModified":"2026-08-22T19:37:49+00:00","mainEntityOfPage":{"@id":"https:\/\/parafiaustrzyki.pl\/index.php\/2026\/08\/21\/zaproszenie-do-udzialu-w-obchodach-70-rocznicy-jasnogorskich-slubow-narodu-polskiego-edytuj-zaproszenie-do-udzialu-w-obchodach-70-rocznicy-jasnogorskich-slubow-narodu-polskiego-zaproszenie-do-ud\/"},"wordCount":166,"image":{"@id":"https:\/\/parafiaustrzyki.pl\/index.php\/2026\/08\/21\/zaproszenie-do-udzialu-w-obchodach-70-rocznicy-jasnogorskich-slubow-narodu-polskiego-edytuj-zaproszenie-do-udzialu-w-obchodach-70-rocznicy-jasnogorskich-slubow-narodu-polskiego-zaproszenie-do-ud\/#primaryimage"},"thumbnailUrl":"https:\/\/parafiaustrzyki.pl\/wp-content\/uploads\/Komancza_2026_m-1.png","articleSection":["Aktualno\u015bci"],"inLanguage":"pl-PL"},{"@type":"WebPage","@id":"https:\/\/parafiaustrzyki.pl\/index.php\/2026\/08\/21\/zaproszenie-do-udzialu-w-obchodach-70-rocznicy-jasnogorskich-slubow-narodu-polskiego-edytuj-zaproszenie-do-udzialu-w-obchodach-70-rocznicy-jasnogorskich-slubow-narodu-polskiego-zaproszenie-do-ud\/","url":"https:\/\/parafiaustrzyki.pl\/index.php\/2026\/08\/21\/zaproszenie-do-udzialu-w-obchodach-70-rocznicy-jasnogorskich-slubow-narodu-polskiego-edytuj-zaproszenie-do-udzialu-w-obchodach-70-rocznicy-jasnogorskich-slubow-narodu-polskiego-zaproszenie-do-ud\/","name":"ZAPROSZENIE DO UDZIA\u0141U W OBCHODACH 70. ROCZNICY JASNOG\u00d3RSKICH \u015aLUB\u00d3W NARODU POLSKIEGO - Parafia pw. NMP Kr\u00f3lowej Polski w Ustrzykach Dolnych","isPartOf":{"@id":"https:\/\/parafiaustrzyki.pl\/#website"},"primaryImageOfPage":{"@id":"https:\/\/parafiaustrzyki.pl\/index.php\/2026\/08\/21\/zaproszenie-do-udzialu-w-obchodach-70-rocznicy-jasnogorskich-slubow-narodu-polskiego-edytuj-zaproszenie-do-udzialu-w-obchodach-70-rocznicy-jasnogorskich-slubow-narodu-polskiego-zaproszenie-do-ud\/#primaryimage"},"image":{"@id":"https:\/\/parafiaustrzyki.pl\/index.php\/2026\/08\/21\/zaproszenie-do-udzialu-w-obchodach-70-rocznicy-jasnogorskich-slubow-narodu-polskiego-edytuj-zaproszenie-do-udzialu-w-obchodach-70-rocznicy-jasnogorskich-slubow-narodu-polskiego-zaproszenie-do-ud\/#primaryimage"},"thumbnailUrl":"https:\/\/parafiaustrzyki.pl\/wp-content\/uploads\/Komancza_2026_m-1.png","datePublished":"2026-08-21T20:04:13+00:00","dateModified":"2026-08-22T19:37:49+00:00","author":{"@id":"https:\/\/parafiaustrzyki.pl\/#\/schema\/person\/0093e7d61a4c4ca9a64b71422f505800"},"breadcrumb":{"@id":"https:\/\/parafiaustrzyki.pl\/index.php\/2026\/08\/21\/zaproszenie-do-udzialu-w-obchodach-70-rocznicy-jasnogorskich-slubow-narodu-polskiego-edytuj-zaproszenie-do-udzialu-w-obchodach-70-rocznicy-jasnogorskich-slubow-narodu-polskiego-zaproszenie-do-ud\/#breadcrumb"},"inLanguage":"pl-PL","potentialAction":[{"@type":"ReadAction","target":["https:\/\/parafiaustrzyki.pl\/index.php\/2026\/08\/21\/zaproszenie-do-udzialu-w-obchodach-70-rocznicy-jasnogorskich-slubow-narodu-polskiego-edytuj-zaproszenie-do-udzialu-w-obchodach-70-rocznicy-jasnogorskich-slubow-narodu-polskiego-zaproszenie-do-ud\/"]}]},{"@type":"ImageObject","inLanguage":"pl-PL","@id":"https:\/\/parafiaustrzyki.pl\/index.php\/2026\/08\/21\/zaproszenie-do-udzialu-w-obchodach-70-rocznicy-jasnogorskich-slubow-narodu-polskiego-edytuj-zaproszenie-do-udzialu-w-obchodach-70-rocznicy-jasnogorskich-slubow-narodu-polskiego-zaproszenie-do-ud\/#primaryimage","url":"https:\/\/parafiaustrzyki.pl\/wp-content\/uploads\/Komancza_2026_m-1.png","contentUrl":"https:\/\/parafiaustrzyki.pl\/wp-content\/uploads\/Komancza_2026_m-1.png","width":530,"height":353},{"@type":"BreadcrumbList","@id":"https:\/\/parafiaustrzyki.pl\/index.php\/2026\/08\/21\/zaproszenie-do-udzialu-w-obchodach-70-rocznicy-jasnogorskich-slubow-narodu-polskiego-edytuj-zaproszenie-do-udzialu-w-obchodach-70-rocznicy-jasnogorskich-slubow-narodu-polskiego-zaproszenie-do-ud\/#breadcrumb","itemListElement":[{"@type":"ListItem","position":1,"name":"Strona g\u0142\u00f3wna","item":"https:\/\/parafiaustrzyki.pl\/"},{"@type":"ListItem","position":2,"name":"ZAPROSZENIE DO UDZIA\u0141U W OBCHODACH 70. ROCZNICY JASNOG\u00d3RSKICH \u015aLUB\u00d3W NARODU POLSKIEGO"}]},{"@type":"WebSite","@id":"https:\/\/parafiaustrzyki.pl\/#website","url":"https:\/\/parafiaustrzyki.pl\/","name":"Parafia pw. NMP Kr\u00f3lowej Polski w Ustrzykach Dolnych","description":"Witamy w naszej parafii","potentialAction":[{"@type":"SearchAction","target":{"@type":"EntryPoint","urlTemplate":"https:\/\/parafiaustrzyki.pl\/?s={search_term_string}"},"query-input":{"@type":"PropertyValueSpecification","valueRequired":true,"valueName":"search_term_string"}}],"inLanguage":"pl-PL"},{"@type":"Person","@id":"https:\/\/parafiaustrzyki.pl\/#\/schema\/person\/0093e7d61a4c4ca9a64b71422f505800","name":"admin","sameAs":["https:\/\/parafiaustrzyki.pl"],"url":"https:\/\/parafiaustrzyki.pl\/index.php\/author\/admin-2\/"}]}},"jetpack-related-posts":[{"id":3950,"url":"https:\/\/parafiaustrzyki.pl\/index.php\/2026\/08\/27\/komancza-uczcila-70-rocznice-jasnogorskich-slubow-narodu-polskiego\/","url_meta":{"origin":3894,"position":0},"title":"KOMA\u0143CZA UCZCI\u0141A 70. ROCZNIC\u0118 JASNOG\u00d3RSKICH \u015aLUB\u00d3W NARODU POLSKIEGO","author":"admin","date":"27 sierpnia 2026","format":false,"excerpt":"26 sierpnia 2026 roku w Koma\u0144czy odby\u0142y si\u0119 uroczysto\u015bci upami\u0119tniaj\u0105ce 70. rocznic\u0119 Jasnog\u00f3rskich \u015alub\u00f3w Narodu Polskiego. To w\u0142a\u015bnie tutaj, podczas internowania, kardyna\u0142 Stefan Wyszy\u0144ski przygotowa\u0142 tekst \u015alub\u00f3w, kt\u00f3re 26 sierpnia 1956 roku zosta\u0142y uroczy\u015bcie z\u0142o\u017cone na Jasnej G\u00f3rze. Obchody rozpocz\u0119\u0142y si\u0119 Msz\u0105 \u015awi\u0119t\u0105 polow\u0105, po kt\u00f3rej odby\u0142 si\u0119 koncert \u201eWiara,\u2026","rel":"","context":"W \u201eAktualno\u015bci&quot;","block_context":{"text":"Aktualno\u015bci","link":"https:\/\/parafiaustrzyki.pl\/index.php\/category\/aktualnosci\/"},"img":{"alt_text":"","src":"https:\/\/i0.wp.com\/parafiaustrzyki.pl\/wp-content\/uploads\/Komancza.png?resize=350%2C200&ssl=1","width":350,"height":200,"srcset":"https:\/\/i0.wp.com\/parafiaustrzyki.pl\/wp-content\/uploads\/Komancza.png?resize=350%2C200&ssl=1 1x, https:\/\/i0.wp.com\/parafiaustrzyki.pl\/wp-content\/uploads\/Komancza.png?resize=525%2C300&ssl=1 1.5x"},"classes":[]},{"id":3766,"url":"https:\/\/parafiaustrzyki.pl\/index.php\/2026\/06\/21\/akcja-katolicka-archidiecezji-przemyskiej-pielgrzymowala-do-czestochowy\/","url_meta":{"origin":3894,"position":1},"title":"PRZEDSTAWICIELE AKCJI KATOLICKIEJ Z NASZEJ PARAFII PIELGRZYMOWALI DO CZ\u0118STOCHOWY","author":"admin","date":"21 czerwca 2026","format":false,"excerpt":"XXX Jubileuszowa Og\u00f3lnopolska Pielgrzymka Akcji Katolickiej zgromadzi\u0142a 19 i 20 czerwca na Jasnej G\u00f3rze przedstawicieli stowarzyszenia z ca\u0142ej Polski. Wydarzenie by\u0142o okazj\u0105 do dzi\u0119kczynienia za 30 lat odrodzenia Akcji Katolickiej w Polsce, wspomnienia jej dotychczasowej drogi oraz zawierzenia dalszej misji Matce Bo\u017cej Cz\u0119stochowskiej. Pielgrzymka rozpocz\u0119\u0142a si\u0119 w pi\u0105tek wieczorem Msz\u0105\u2026","rel":"","context":"W \u201eAktualno\u015bci&quot;","block_context":{"text":"Aktualno\u015bci","link":"https:\/\/parafiaustrzyki.pl\/index.php\/category\/aktualnosci\/"},"img":{"alt_text":"","src":"https:\/\/i0.wp.com\/parafiaustrzyki.pl\/wp-content\/uploads\/Czestochowa_2026.png?resize=350%2C200&ssl=1","width":350,"height":200,"srcset":"https:\/\/i0.wp.com\/parafiaustrzyki.pl\/wp-content\/uploads\/Czestochowa_2026.png?resize=350%2C200&ssl=1 1x, https:\/\/i0.wp.com\/parafiaustrzyki.pl\/wp-content\/uploads\/Czestochowa_2026.png?resize=525%2C300&ssl=1 1.5x"},"classes":[]},{"id":1340,"url":"https:\/\/parafiaustrzyki.pl\/index.php\/2025\/11\/08\/zaproszenie-na-obchody-narodowego-swieta-niepodleglosci\/","url_meta":{"origin":3894,"position":2},"title":"ZAPROSZENIE NA OBCHODY NARODOWEGO \u015aWI\u0118TA NIEPODLEG\u0141O\u015aCI","author":"admin","date":"8 listopada 2025","format":false,"excerpt":"Starosta Bieszczadzki oraz Burmistrz Ustrzyk Dolnych maj\u0105 zaszczyt zaprosi\u0107 Mieszka\u0144c\u00f3w Powiatu Bieszczadzkiego na uroczyste obchody Narodowego \u015awi\u0119ta Niepodleg\u0142o\u015bci, kt\u00f3re odb\u0119d\u0105 si\u0119 we wtorek, 11 listopada 2025 r. w Ustrzykach Dolnych. Program uroczysto\u015bci: 9:00 \u2013 Uroczyste rozpocz\u0119cie obchod\u00f3w oraz koncert pie\u015bni patriotycznych w Bieszczadzkim Centrum Dziedzictwa Kulturowego FANTO 10:30 \u2013 Msza\u2026","rel":"","context":"W \u201eAktualno\u015bci&quot;","block_context":{"text":"Aktualno\u015bci","link":"https:\/\/parafiaustrzyki.pl\/index.php\/category\/aktualnosci\/"},"img":{"alt_text":"","src":"https:\/\/i0.wp.com\/parafiaustrzyki.pl\/wp-content\/uploads\/11_listopada.jpg?resize=350%2C200&ssl=1","width":350,"height":200,"srcset":"https:\/\/i0.wp.com\/parafiaustrzyki.pl\/wp-content\/uploads\/11_listopada.jpg?resize=350%2C200&ssl=1 1x, https:\/\/i0.wp.com\/parafiaustrzyki.pl\/wp-content\/uploads\/11_listopada.jpg?resize=525%2C300&ssl=1 1.5x"},"classes":[]},{"id":3910,"url":"https:\/\/parafiaustrzyki.pl\/index.php\/2026\/08\/15\/rajd-rowerowy-w-106-rocznice-bitwy-orlat-lwowskich\/","url_meta":{"origin":3894,"position":3},"title":"RAJD ROWEROWY W 106. ROCZNIC\u0118 BITWY \u201eORL\u0104T LWOWSKICH&#8221;","author":"admin","date":"15 sierpnia 2026","format":false,"excerpt":"Stowarzyszenie Pami\u0119ci Polskich Termopil i Kres\u00f3w w Przemy\u015blu zapraszaj\u0105 cz\u0142onk\u00f3w i sympatyk\u00f3w do uczestnictwa w Zadw\u00f3rza\u0144skim Rajdzie Rowerowym w 106. Rocznic\u0119 Bitwy \u201eOrl\u0105t Lwowskich\u201d, kt\u00f3ry odb\u0119dzie si\u0119 w dniach 22-23 sierpnia. Uczestnicy rajdu wyruszaj\u0105 z Przemy\u015bla do Zadw\u00f3rza k\/ Ustrzyk Dolnych.23 sierpnia czyli w przysz\u0142\u0105 niedziel\u0119 b\u0119dziemy go\u015bci\u0107 uczestnik\u00f3w rajdu\u2026","rel":"","context":"W \u201eAktualno\u015bci&quot;","block_context":{"text":"Aktualno\u015bci","link":"https:\/\/parafiaustrzyki.pl\/index.php\/category\/aktualnosci\/"},"img":{"alt_text":"","src":"https:\/\/i0.wp.com\/parafiaustrzyki.pl\/wp-content\/uploads\/zaproszenie_Zadworze.png?resize=350%2C200&ssl=1","width":350,"height":200,"srcset":"https:\/\/i0.wp.com\/parafiaustrzyki.pl\/wp-content\/uploads\/zaproszenie_Zadworze.png?resize=350%2C200&ssl=1 1x, https:\/\/i0.wp.com\/parafiaustrzyki.pl\/wp-content\/uploads\/zaproszenie_Zadworze.png?resize=525%2C300&ssl=1 1.5x"},"classes":[]},{"id":1673,"url":"https:\/\/parafiaustrzyki.pl\/index.php\/2026\/01\/15\/zaproszenie-na-jaselka-w-udk\/","url_meta":{"origin":3894,"position":4},"title":"ZAPROSZENIE NA JASE\u0141KA W UDK","author":"admin","date":"15 stycznia 2026","format":false,"excerpt":"Zapraszamy na\u00a0 wyj\u0105tkowe widowisko bo\u017conarodzeniowe \u201e\u015awi\u0105teczna Ulica\u201d w wykonaniu dzieci, m\u0142odzie\u017cy i doros\u0142ych z ustrzyckich parafii, Grupy Teatralnej, Zespo\u0142u Tanecznego \u201eNemezis\u201d, Grupy Tanecznej \u201eIskierki\u201d oraz Samorz\u0105dowej Szko\u0142y Muzycznej I stopnia w Ustrzykach Dolnych. Jase\u0142ka zostan\u0105 przedstawione w Ustrzyckim Domu Kultury w dniu 18 stycznia 2026 roku o godz. 14:00 i\u2026","rel":"","context":"W \u201eAktualno\u015bci&quot;","block_context":{"text":"Aktualno\u015bci","link":"https:\/\/parafiaustrzyki.pl\/index.php\/category\/aktualnosci\/"},"img":{"alt_text":"","src":"https:\/\/i0.wp.com\/parafiaustrzyki.pl\/wp-content\/uploads\/jaselka_2026.png?resize=350%2C200&ssl=1","width":350,"height":200,"srcset":"https:\/\/i0.wp.com\/parafiaustrzyki.pl\/wp-content\/uploads\/jaselka_2026.png?resize=350%2C200&ssl=1 1x, https:\/\/i0.wp.com\/parafiaustrzyki.pl\/wp-content\/uploads\/jaselka_2026.png?resize=525%2C300&ssl=1 1.5x"},"classes":[]},{"id":1101,"url":"https:\/\/parafiaustrzyki.pl\/index.php\/2025\/10\/05\/poswiecenie-rozancow-dla-dzieci-komunijnych\/","url_meta":{"origin":3894,"position":5},"title":"PO\u015aWI\u0118CENIE R\u00d3\u017bA\u0143C\u00d3W DLA DZIECI KOMUNIJNYCH","author":"admin","date":"5 pa\u017adziernika 2025","format":false,"excerpt":"Dzi\u015b, w niedziel\u0119, podczas Mszy \u015awi\u0119tej o godz. 11:00 w naszej parafii odby\u0142o si\u0119 po\u015bwi\u0119cenie i wr\u0119czenie r\u00f3\u017ca\u0144c\u00f3w dzieciom przygotowuj\u0105cym si\u0119 do sakramentu pokuty i pierwszej Komunii \u015awi\u0119tej. Eucharystii przewodniczy\u0142 ks. Wojciech Harmata, wikariusz parafii, kt\u00f3ry prowadzi dzieci w przygotowaniu do tego wa\u017cnego wydarzenia w ich \u017cyciu duchowym. W modlitewnej\u2026","rel":"","context":"W \u201eAktualno\u015bci&quot;","block_context":{"text":"Aktualno\u015bci","link":"https:\/\/parafiaustrzyki.pl\/index.php\/category\/aktualnosci\/"},"img":{"alt_text":"","src":"https:\/\/i0.wp.com\/parafiaustrzyki.pl\/wp-content\/uploads\/poswiecenie_rozancow.png?resize=350%2C200&ssl=1","width":350,"height":200,"srcset":"https:\/\/i0.wp.com\/parafiaustrzyki.pl\/wp-content\/uploads\/poswiecenie_rozancow.png?resize=350%2C200&ssl=1 1x, https:\/\/i0.wp.com\/parafiaustrzyki.pl\/wp-content\/uploads\/poswiecenie_rozancow.png?resize=525%2C300&ssl=1 1.5x"},"classes":[]}],"jetpack_featured_media_url":"https:\/\/parafiaustrzyki.pl\/wp-content\/uploads\/Komancza_2026_m-1.png","_links":{"self":[{"href":"https:\/\/parafiaustrzyki.pl\/index.php\/wp-json\/wp\/v2\/posts\/3894","targetHints":{"allow":["GET"]}}],"collection":[{"href":"https:\/\/parafiaustrzyki.pl\/index.php\/wp-json\/wp\/v2\/posts"}],"about":[{"href":"https:\/\/parafiaustrzyki.pl\/index.php\/wp-json\/wp\/v2\/types\/post"}],"author":[{"embeddable":true,"href":"https:\/\/parafiaustrzyki.pl\/index.php\/wp-json\/wp\/v2\/users\/2"}],"replies":[{"embeddable":true,"href":"https:\/\/parafiaustrzyki.pl\/index.php\/wp-json\/wp\/v2\/comments?post=3894"}],"version-history":[{"count":3,"href":"https:\/\/parafiaustrzyki.pl\/index.php\/wp-json\/wp\/v2\/posts\/3894\/revisions"}],"predecessor-version":[{"id":3901,"href":"https:\/\/parafiaustrzyki.pl\/index.php\/wp-json\/wp\/v2\/posts\/3894\/revisions\/3901"}],"wp:featuredmedia":[{"embeddable":true,"href":"https:\/\/parafiaustrzyki.pl\/index.php\/wp-json\/wp\/v2\/media\/3895"}],"wp:attachment":[{"href":"https:\/\/parafiaustrzyki.pl\/index.php\/wp-json\/wp\/v2\/media?parent=3894"}],"wp:term":[{"taxonomy":"category","embeddable":true,"href":"https:\/\/parafiaustrzyki.pl\/index.php\/wp-json\/wp\/v2\/categories?post=3894"},{"taxonomy":"post_tag","embeddable":true,"href":"https:\/\/parafiaustrzyki.pl\/index.php\/wp-json\/wp\/v2\/tags?post=3894"}],"curies":[{"name":"wp","href":"https:\/\/api.w.org\/{rel}","templated":true}]}}