{"id":1344,"date":"2025-11-09T11:32:04","date_gmt":"2025-11-09T11:32:04","guid":{"rendered":"https:\/\/parafiaustrzyki.pl\/?p=1344"},"modified":"2025-11-09T16:47:06","modified_gmt":"2025-11-09T16:47:06","slug":"jasmin-przekwitl-ale-pamiec-trwa-wspomnienie-o-marianie-nosalu","status":"publish","type":"post","link":"https:\/\/parafiaustrzyki.pl\/index.php\/2025\/11\/09\/jasmin-przekwitl-ale-pamiec-trwa-wspomnienie-o-marianie-nosalu\/","title":{"rendered":"JA\u015aMIN PRZEKWIT\u0141, ALE PAMI\u0118\u0106 TRWA \u2013 WSPOMNIENIE O MARIANIE NOSALU"},"content":{"rendered":"<p style=\"text-align: justify;\">Ciep\u0142e, wzruszaj\u0105ce wspomnienie o Marianie Nosalu (1954-2012), in\u017cynierze, kt\u00f3ry pisa\u0142 wiersze, pierwszym wykonawcy rozbudowy i renowacji ko\u015bcio\u0142a pw. Naj\u015bwi\u0119tszej Maryi Panny Kr\u00f3lowej Polski w Ustrzykach Dolnych w rozmowie z \u017con\u0105 Halin\u0105 Nosal (by\u0142 te\u017c obecny syn Piotr).<\/p>\n<p style=\"text-align: justify;\">Ale jak si\u0119 okazuje, wspomnienie o osobie o wielu zainteresowaniach, w tym m.in. muzycznych (gra\u0142 na gitarze i harmonijce ustnej), filozoficznych i literackich (literatura okresu mi\u0119dzywojennego i poezja Zbigniewa Herberta).<\/p>\n<p style=\"text-align: justify;\">W kontek\u015bcie tych dw\u00f3ch ostatnich zainteresowa\u0144 pisa\u0142 wiersze, kt\u00f3re ukaza\u0142y si\u0119 w pi\u0119ciu tomikach: \u201eJa\u015bmin przekwit\u0142\u201d, \u201eJeszcze si\u0119 pok\u0142oni\u0119\u201d, \u201eJedn\u0105 drog\u0105\u201d, \u201ePowroty\u201d, \u201ePrzez uchylone drzwi\u201d (wszystkie zebrane w tomie \u201eTrzy t\u0119sknoty\u201d).<\/p>\n<p style=\"text-align: justify;\">Us\u0142yszeli\u015bmy dziewi\u0119\u0107 wierszy charakterystycznych dla tw\u00f3rczo\u015bci Mariana Nosala z pochwa\u0142\u0105 rodzinnego domu, za kt\u00f3rym t\u0119skni\u0142 i darzy\u0142 szacunkiem, z akcentami humoru, nawi\u0105zaniem do umi\u0142owanych Bieszczad\u00f3w, spraw naszej to\u017csamo\u015bci i spraw egzystencjalnych i ostatecznych (wiersze w interpretacji naszych pa\u0144 Bibliotekarek) i wiersz wybrany i przeczytany przez Halin\u0119 Nosal (\u201ePodarunek\u201d dla wnuczki Zosi, kt\u00f3ra bardzo chce tu przyjecha\u0107 i przeczyta\u0107 wiersze swojego Dziadka).<\/p>\n<p style=\"text-align: justify;\">A Piotr Ho\u0142ubowski, znany bard (wyst\u0119puje z Piotrem B\u0142aszczakiem w zespole \u201eWatra\u201d), z doskona\u0142ym wyczuciem dobiera\u0142 repertuar utwor\u00f3w, kt\u00f3re komponowa\u0142y si\u0119 z dzisiejsz\u0105 wieczornic\u0105: \u201ePiosenka dla Wojtka Bellona\u201d, \u201eJesienna zaduma\u201d, \u201eChodz\u0105 ulicami ludzie\u201d, \u201eTolerancja\u201d, \u201ePejza\u017ce Harasymowiczowskie\u201d i \u201eJak\u201d.<\/p>\n<p style=\"text-align: justify;\">A wszystko to w kolejnej edycji \u201eJeszcze si\u0119 tam \u017cagiel bieli\u2026\u201d.<\/p>\n<p>\u017ar\u00f3d\u0142o: <em><strong>www.biblioteka-ustrzyki.pl<\/strong><\/em><\/p>\n<p><strong>ngg_shortcode_0_placeholder<\/strong><\/p>\n","protected":false},"excerpt":{"rendered":"<p>Ciep\u0142e, wzruszaj\u0105ce wspomnienie o Marianie Nosalu (1954-2012), in\u017cynierze, kt\u00f3ry pisa\u0142 wiersze, pierwszym wykonawcy rozbudowy i renowacji ko\u015bcio\u0142a pw. Naj\u015bwi\u0119tszej Maryi Panny Kr\u00f3lowej Polski w Ustrzykach Dolnych w rozmowie z \u017con\u0105 Halin\u0105 Nosal (by\u0142 te\u017c obecny syn Piotr). Ale jak si\u0119 okazuje, wspomnienie o osobie o wielu zainteresowaniach, w tym m.in. &hellip;<\/p>\n","protected":false},"author":2,"featured_media":1345,"comment_status":"closed","ping_status":"closed","sticky":false,"template":"","format":"standard","meta":{"ngg_post_thumbnail":0,"footnotes":""},"categories":[6],"tags":[],"class_list":["post-1344","post","type-post","status-publish","format-standard","has-post-thumbnail","hentry","category-aktualnosci"],"yoast_head":"<!-- This site is optimized with the Yoast SEO plugin v27.5 - https:\/\/yoast.com\/product\/yoast-seo-wordpress\/ -->\n<title>JA\u015aMIN PRZEKWIT\u0141, ALE PAMI\u0118\u0106 TRWA \u2013 WSPOMNIENIE O MARIANIE NOSALU - Parafia pw. NMP Kr\u00f3lowej Polski w Ustrzykach Dolnych<\/title>\n<meta name=\"robots\" content=\"index, follow, max-snippet:-1, max-image-preview:large, max-video-preview:-1\" \/>\n<link rel=\"canonical\" href=\"https:\/\/parafiaustrzyki.pl\/index.php\/2025\/11\/09\/jasmin-przekwitl-ale-pamiec-trwa-wspomnienie-o-marianie-nosalu\/\" \/>\n<meta property=\"og:locale\" content=\"pl_PL\" \/>\n<meta property=\"og:type\" content=\"article\" \/>\n<meta property=\"og:title\" content=\"JA\u015aMIN PRZEKWIT\u0141, ALE PAMI\u0118\u0106 TRWA \u2013 WSPOMNIENIE O MARIANIE NOSALU - Parafia pw. NMP Kr\u00f3lowej Polski w Ustrzykach Dolnych\" \/>\n<meta property=\"og:description\" content=\"Ciep\u0142e, wzruszaj\u0105ce wspomnienie o Marianie Nosalu (1954-2012), in\u017cynierze, kt\u00f3ry pisa\u0142 wiersze, pierwszym wykonawcy rozbudowy i renowacji ko\u015bcio\u0142a pw. Naj\u015bwi\u0119tszej Maryi Panny Kr\u00f3lowej Polski w Ustrzykach Dolnych w rozmowie z \u017con\u0105 Halin\u0105 Nosal (by\u0142 te\u017c obecny syn Piotr). Ale jak si\u0119 okazuje, wspomnienie o osobie o wielu zainteresowaniach, w tym m.in. &hellip;\" \/>\n<meta property=\"og:url\" content=\"https:\/\/parafiaustrzyki.pl\/index.php\/2025\/11\/09\/jasmin-przekwitl-ale-pamiec-trwa-wspomnienie-o-marianie-nosalu\/\" \/>\n<meta property=\"og:site_name\" content=\"Parafia pw. NMP Kr\u00f3lowej Polski w Ustrzykach Dolnych\" \/>\n<meta property=\"article:published_time\" content=\"2025-11-09T11:32:04+00:00\" \/>\n<meta property=\"article:modified_time\" content=\"2025-11-09T16:47:06+00:00\" \/>\n<meta property=\"og:image\" content=\"https:\/\/parafiaustrzyki.pl\/wp-content\/uploads\/H_Nosal.jpg\" \/>\n\t<meta property=\"og:image:width\" content=\"533\" \/>\n\t<meta property=\"og:image:height\" content=\"352\" \/>\n\t<meta property=\"og:image:type\" content=\"image\/jpeg\" \/>\n<meta name=\"author\" content=\"admin\" \/>\n<meta name=\"twitter:card\" content=\"summary_large_image\" \/>\n<meta name=\"twitter:label1\" content=\"Napisane przez\" \/>\n\t<meta name=\"twitter:data1\" content=\"admin\" \/>\n\t<meta name=\"twitter:label2\" content=\"Szacowany czas czytania\" \/>\n\t<meta name=\"twitter:data2\" content=\"2 minuty\" \/>\n<script type=\"application\/ld+json\" class=\"yoast-schema-graph\">{\"@context\":\"https:\\\/\\\/schema.org\",\"@graph\":[{\"@type\":\"Article\",\"@id\":\"https:\\\/\\\/parafiaustrzyki.pl\\\/index.php\\\/2025\\\/11\\\/09\\\/jasmin-przekwitl-ale-pamiec-trwa-wspomnienie-o-marianie-nosalu\\\/#article\",\"isPartOf\":{\"@id\":\"https:\\\/\\\/parafiaustrzyki.pl\\\/index.php\\\/2025\\\/11\\\/09\\\/jasmin-przekwitl-ale-pamiec-trwa-wspomnienie-o-marianie-nosalu\\\/\"},\"author\":{\"name\":\"admin\",\"@id\":\"https:\\\/\\\/parafiaustrzyki.pl\\\/#\\\/schema\\\/person\\\/0093e7d61a4c4ca9a64b71422f505800\"},\"headline\":\"JA\u015aMIN PRZEKWIT\u0141, ALE PAMI\u0118\u0106 TRWA \u2013 WSPOMNIENIE O MARIANIE NOSALU\",\"datePublished\":\"2025-11-09T11:32:04+00:00\",\"dateModified\":\"2025-11-09T16:47:06+00:00\",\"mainEntityOfPage\":{\"@id\":\"https:\\\/\\\/parafiaustrzyki.pl\\\/index.php\\\/2025\\\/11\\\/09\\\/jasmin-przekwitl-ale-pamiec-trwa-wspomnienie-o-marianie-nosalu\\\/\"},\"wordCount\":266,\"image\":{\"@id\":\"https:\\\/\\\/parafiaustrzyki.pl\\\/index.php\\\/2025\\\/11\\\/09\\\/jasmin-przekwitl-ale-pamiec-trwa-wspomnienie-o-marianie-nosalu\\\/#primaryimage\"},\"thumbnailUrl\":\"https:\\\/\\\/parafiaustrzyki.pl\\\/wp-content\\\/uploads\\\/H_Nosal.jpg\",\"articleSection\":[\"Aktualno\u015bci\"],\"inLanguage\":\"pl-PL\"},{\"@type\":\"WebPage\",\"@id\":\"https:\\\/\\\/parafiaustrzyki.pl\\\/index.php\\\/2025\\\/11\\\/09\\\/jasmin-przekwitl-ale-pamiec-trwa-wspomnienie-o-marianie-nosalu\\\/\",\"url\":\"https:\\\/\\\/parafiaustrzyki.pl\\\/index.php\\\/2025\\\/11\\\/09\\\/jasmin-przekwitl-ale-pamiec-trwa-wspomnienie-o-marianie-nosalu\\\/\",\"name\":\"JA\u015aMIN PRZEKWIT\u0141, ALE PAMI\u0118\u0106 TRWA \u2013 WSPOMNIENIE O MARIANIE NOSALU - Parafia pw. NMP Kr\u00f3lowej Polski w Ustrzykach Dolnych\",\"isPartOf\":{\"@id\":\"https:\\\/\\\/parafiaustrzyki.pl\\\/#website\"},\"primaryImageOfPage\":{\"@id\":\"https:\\\/\\\/parafiaustrzyki.pl\\\/index.php\\\/2025\\\/11\\\/09\\\/jasmin-przekwitl-ale-pamiec-trwa-wspomnienie-o-marianie-nosalu\\\/#primaryimage\"},\"image\":{\"@id\":\"https:\\\/\\\/parafiaustrzyki.pl\\\/index.php\\\/2025\\\/11\\\/09\\\/jasmin-przekwitl-ale-pamiec-trwa-wspomnienie-o-marianie-nosalu\\\/#primaryimage\"},\"thumbnailUrl\":\"https:\\\/\\\/parafiaustrzyki.pl\\\/wp-content\\\/uploads\\\/H_Nosal.jpg\",\"datePublished\":\"2025-11-09T11:32:04+00:00\",\"dateModified\":\"2025-11-09T16:47:06+00:00\",\"author\":{\"@id\":\"https:\\\/\\\/parafiaustrzyki.pl\\\/#\\\/schema\\\/person\\\/0093e7d61a4c4ca9a64b71422f505800\"},\"breadcrumb\":{\"@id\":\"https:\\\/\\\/parafiaustrzyki.pl\\\/index.php\\\/2025\\\/11\\\/09\\\/jasmin-przekwitl-ale-pamiec-trwa-wspomnienie-o-marianie-nosalu\\\/#breadcrumb\"},\"inLanguage\":\"pl-PL\",\"potentialAction\":[{\"@type\":\"ReadAction\",\"target\":[\"https:\\\/\\\/parafiaustrzyki.pl\\\/index.php\\\/2025\\\/11\\\/09\\\/jasmin-przekwitl-ale-pamiec-trwa-wspomnienie-o-marianie-nosalu\\\/\"]}]},{\"@type\":\"ImageObject\",\"inLanguage\":\"pl-PL\",\"@id\":\"https:\\\/\\\/parafiaustrzyki.pl\\\/index.php\\\/2025\\\/11\\\/09\\\/jasmin-przekwitl-ale-pamiec-trwa-wspomnienie-o-marianie-nosalu\\\/#primaryimage\",\"url\":\"https:\\\/\\\/parafiaustrzyki.pl\\\/wp-content\\\/uploads\\\/H_Nosal.jpg\",\"contentUrl\":\"https:\\\/\\\/parafiaustrzyki.pl\\\/wp-content\\\/uploads\\\/H_Nosal.jpg\",\"width\":533,\"height\":352},{\"@type\":\"BreadcrumbList\",\"@id\":\"https:\\\/\\\/parafiaustrzyki.pl\\\/index.php\\\/2025\\\/11\\\/09\\\/jasmin-przekwitl-ale-pamiec-trwa-wspomnienie-o-marianie-nosalu\\\/#breadcrumb\",\"itemListElement\":[{\"@type\":\"ListItem\",\"position\":1,\"name\":\"Strona g\u0142\u00f3wna\",\"item\":\"https:\\\/\\\/parafiaustrzyki.pl\\\/\"},{\"@type\":\"ListItem\",\"position\":2,\"name\":\"JA\u015aMIN PRZEKWIT\u0141, ALE PAMI\u0118\u0106 TRWA \u2013 WSPOMNIENIE O MARIANIE NOSALU\"}]},{\"@type\":\"WebSite\",\"@id\":\"https:\\\/\\\/parafiaustrzyki.pl\\\/#website\",\"url\":\"https:\\\/\\\/parafiaustrzyki.pl\\\/\",\"name\":\"Parafia pw. NMP Kr\u00f3lowej Polski w Ustrzykach Dolnych\",\"description\":\"Witamy w naszej parafii\",\"potentialAction\":[{\"@type\":\"SearchAction\",\"target\":{\"@type\":\"EntryPoint\",\"urlTemplate\":\"https:\\\/\\\/parafiaustrzyki.pl\\\/?s={search_term_string}\"},\"query-input\":{\"@type\":\"PropertyValueSpecification\",\"valueRequired\":true,\"valueName\":\"search_term_string\"}}],\"inLanguage\":\"pl-PL\"},{\"@type\":\"Person\",\"@id\":\"https:\\\/\\\/parafiaustrzyki.pl\\\/#\\\/schema\\\/person\\\/0093e7d61a4c4ca9a64b71422f505800\",\"name\":\"admin\",\"sameAs\":[\"https:\\\/\\\/parafiaustrzyki.pl\"],\"url\":\"https:\\\/\\\/parafiaustrzyki.pl\\\/index.php\\\/author\\\/admin-2\\\/\"}]}<\/script>\n<!-- \/ Yoast SEO plugin. -->","yoast_head_json":{"title":"JA\u015aMIN PRZEKWIT\u0141, ALE PAMI\u0118\u0106 TRWA \u2013 WSPOMNIENIE O MARIANIE NOSALU - Parafia pw. NMP Kr\u00f3lowej Polski w Ustrzykach Dolnych","robots":{"index":"index","follow":"follow","max-snippet":"max-snippet:-1","max-image-preview":"max-image-preview:large","max-video-preview":"max-video-preview:-1"},"canonical":"https:\/\/parafiaustrzyki.pl\/index.php\/2025\/11\/09\/jasmin-przekwitl-ale-pamiec-trwa-wspomnienie-o-marianie-nosalu\/","og_locale":"pl_PL","og_type":"article","og_title":"JA\u015aMIN PRZEKWIT\u0141, ALE PAMI\u0118\u0106 TRWA \u2013 WSPOMNIENIE O MARIANIE NOSALU - Parafia pw. NMP Kr\u00f3lowej Polski w Ustrzykach Dolnych","og_description":"Ciep\u0142e, wzruszaj\u0105ce wspomnienie o Marianie Nosalu (1954-2012), in\u017cynierze, kt\u00f3ry pisa\u0142 wiersze, pierwszym wykonawcy rozbudowy i renowacji ko\u015bcio\u0142a pw. Naj\u015bwi\u0119tszej Maryi Panny Kr\u00f3lowej Polski w Ustrzykach Dolnych w rozmowie z \u017con\u0105 Halin\u0105 Nosal (by\u0142 te\u017c obecny syn Piotr). Ale jak si\u0119 okazuje, wspomnienie o osobie o wielu zainteresowaniach, w tym m.in. &hellip;","og_url":"https:\/\/parafiaustrzyki.pl\/index.php\/2025\/11\/09\/jasmin-przekwitl-ale-pamiec-trwa-wspomnienie-o-marianie-nosalu\/","og_site_name":"Parafia pw. NMP Kr\u00f3lowej Polski w Ustrzykach Dolnych","article_published_time":"2025-11-09T11:32:04+00:00","article_modified_time":"2025-11-09T16:47:06+00:00","og_image":[{"width":533,"height":352,"url":"https:\/\/parafiaustrzyki.pl\/wp-content\/uploads\/H_Nosal.jpg","type":"image\/jpeg"}],"author":"admin","twitter_card":"summary_large_image","twitter_misc":{"Napisane przez":"admin","Szacowany czas czytania":"2 minuty"},"schema":{"@context":"https:\/\/schema.org","@graph":[{"@type":"Article","@id":"https:\/\/parafiaustrzyki.pl\/index.php\/2025\/11\/09\/jasmin-przekwitl-ale-pamiec-trwa-wspomnienie-o-marianie-nosalu\/#article","isPartOf":{"@id":"https:\/\/parafiaustrzyki.pl\/index.php\/2025\/11\/09\/jasmin-przekwitl-ale-pamiec-trwa-wspomnienie-o-marianie-nosalu\/"},"author":{"name":"admin","@id":"https:\/\/parafiaustrzyki.pl\/#\/schema\/person\/0093e7d61a4c4ca9a64b71422f505800"},"headline":"JA\u015aMIN PRZEKWIT\u0141, ALE PAMI\u0118\u0106 TRWA \u2013 WSPOMNIENIE O MARIANIE NOSALU","datePublished":"2025-11-09T11:32:04+00:00","dateModified":"2025-11-09T16:47:06+00:00","mainEntityOfPage":{"@id":"https:\/\/parafiaustrzyki.pl\/index.php\/2025\/11\/09\/jasmin-przekwitl-ale-pamiec-trwa-wspomnienie-o-marianie-nosalu\/"},"wordCount":266,"image":{"@id":"https:\/\/parafiaustrzyki.pl\/index.php\/2025\/11\/09\/jasmin-przekwitl-ale-pamiec-trwa-wspomnienie-o-marianie-nosalu\/#primaryimage"},"thumbnailUrl":"https:\/\/parafiaustrzyki.pl\/wp-content\/uploads\/H_Nosal.jpg","articleSection":["Aktualno\u015bci"],"inLanguage":"pl-PL"},{"@type":"WebPage","@id":"https:\/\/parafiaustrzyki.pl\/index.php\/2025\/11\/09\/jasmin-przekwitl-ale-pamiec-trwa-wspomnienie-o-marianie-nosalu\/","url":"https:\/\/parafiaustrzyki.pl\/index.php\/2025\/11\/09\/jasmin-przekwitl-ale-pamiec-trwa-wspomnienie-o-marianie-nosalu\/","name":"JA\u015aMIN PRZEKWIT\u0141, ALE PAMI\u0118\u0106 TRWA \u2013 WSPOMNIENIE O MARIANIE NOSALU - Parafia pw. NMP Kr\u00f3lowej Polski w Ustrzykach Dolnych","isPartOf":{"@id":"https:\/\/parafiaustrzyki.pl\/#website"},"primaryImageOfPage":{"@id":"https:\/\/parafiaustrzyki.pl\/index.php\/2025\/11\/09\/jasmin-przekwitl-ale-pamiec-trwa-wspomnienie-o-marianie-nosalu\/#primaryimage"},"image":{"@id":"https:\/\/parafiaustrzyki.pl\/index.php\/2025\/11\/09\/jasmin-przekwitl-ale-pamiec-trwa-wspomnienie-o-marianie-nosalu\/#primaryimage"},"thumbnailUrl":"https:\/\/parafiaustrzyki.pl\/wp-content\/uploads\/H_Nosal.jpg","datePublished":"2025-11-09T11:32:04+00:00","dateModified":"2025-11-09T16:47:06+00:00","author":{"@id":"https:\/\/parafiaustrzyki.pl\/#\/schema\/person\/0093e7d61a4c4ca9a64b71422f505800"},"breadcrumb":{"@id":"https:\/\/parafiaustrzyki.pl\/index.php\/2025\/11\/09\/jasmin-przekwitl-ale-pamiec-trwa-wspomnienie-o-marianie-nosalu\/#breadcrumb"},"inLanguage":"pl-PL","potentialAction":[{"@type":"ReadAction","target":["https:\/\/parafiaustrzyki.pl\/index.php\/2025\/11\/09\/jasmin-przekwitl-ale-pamiec-trwa-wspomnienie-o-marianie-nosalu\/"]}]},{"@type":"ImageObject","inLanguage":"pl-PL","@id":"https:\/\/parafiaustrzyki.pl\/index.php\/2025\/11\/09\/jasmin-przekwitl-ale-pamiec-trwa-wspomnienie-o-marianie-nosalu\/#primaryimage","url":"https:\/\/parafiaustrzyki.pl\/wp-content\/uploads\/H_Nosal.jpg","contentUrl":"https:\/\/parafiaustrzyki.pl\/wp-content\/uploads\/H_Nosal.jpg","width":533,"height":352},{"@type":"BreadcrumbList","@id":"https:\/\/parafiaustrzyki.pl\/index.php\/2025\/11\/09\/jasmin-przekwitl-ale-pamiec-trwa-wspomnienie-o-marianie-nosalu\/#breadcrumb","itemListElement":[{"@type":"ListItem","position":1,"name":"Strona g\u0142\u00f3wna","item":"https:\/\/parafiaustrzyki.pl\/"},{"@type":"ListItem","position":2,"name":"JA\u015aMIN PRZEKWIT\u0141, ALE PAMI\u0118\u0106 TRWA \u2013 WSPOMNIENIE O MARIANIE NOSALU"}]},{"@type":"WebSite","@id":"https:\/\/parafiaustrzyki.pl\/#website","url":"https:\/\/parafiaustrzyki.pl\/","name":"Parafia pw. NMP Kr\u00f3lowej Polski w Ustrzykach Dolnych","description":"Witamy w naszej parafii","potentialAction":[{"@type":"SearchAction","target":{"@type":"EntryPoint","urlTemplate":"https:\/\/parafiaustrzyki.pl\/?s={search_term_string}"},"query-input":{"@type":"PropertyValueSpecification","valueRequired":true,"valueName":"search_term_string"}}],"inLanguage":"pl-PL"},{"@type":"Person","@id":"https:\/\/parafiaustrzyki.pl\/#\/schema\/person\/0093e7d61a4c4ca9a64b71422f505800","name":"admin","sameAs":["https:\/\/parafiaustrzyki.pl"],"url":"https:\/\/parafiaustrzyki.pl\/index.php\/author\/admin-2\/"}]}},"jetpack_featured_media_url":"https:\/\/parafiaustrzyki.pl\/wp-content\/uploads\/H_Nosal.jpg","jetpack-related-posts":[{"id":1327,"url":"https:\/\/parafiaustrzyki.pl\/index.php\/2025\/11\/03\/wspomnienie-o-marianie-nosalu\/","url_meta":{"origin":1344,"position":0},"title":"WSPOMNIENIE O MARIANIE NOSALU","author":"admin","date":"3 listopada 2025","format":false,"excerpt":"W kolejnym cyklu \u201eJeszcze si\u0119 tam \u017cagiel bieli\u2026\u201d Powiatowa i Miejska Biblioteka Publiczna im. prof. Eugeniusza Wanieka w Ustrzykach Dolnych zaprasza na wspomnienie o Marianie Nosalu (1954-2012), in\u017cynierze, kt\u00f3ry pisa\u0142 wiersze, g\u0142\u00f3wnym wykonawc\u0105 renowacji i rozbudowy ko\u015bcio\u0142a Naj\u015bwi\u0119tszej Maryi Panny Kr\u00f3lowej Polski w Ustrzykach Dolnych. O Marianie Nosalu w rozmowie\u2026","rel":"","context":"W \u201eAktualno\u015bci&quot;","block_context":{"text":"Aktualno\u015bci","link":"https:\/\/parafiaustrzyki.pl\/index.php\/category\/aktualnosci\/"},"img":{"alt_text":"","src":"https:\/\/i0.wp.com\/parafiaustrzyki.pl\/wp-content\/uploads\/marian_bibkioteka.jpg?resize=350%2C200&ssl=1","width":350,"height":200,"srcset":"https:\/\/i0.wp.com\/parafiaustrzyki.pl\/wp-content\/uploads\/marian_bibkioteka.jpg?resize=350%2C200&ssl=1 1x, https:\/\/i0.wp.com\/parafiaustrzyki.pl\/wp-content\/uploads\/marian_bibkioteka.jpg?resize=525%2C300&ssl=1 1.5x"},"classes":[]},{"id":2214,"url":"https:\/\/parafiaustrzyki.pl\/index.php\/2026\/03\/22\/na-milosc-odpowiada-sie-miloscia\/","url_meta":{"origin":1344,"position":1},"title":"NA MI\u0141O\u015a\u0106 ODPOWIADA SI\u0118 MI\u0141O\u015aCI\u0104","author":"admin","date":"22 marca 2026","format":false,"excerpt":"Przez trzy dni, od 20 do 22 marca, trwa\u0142y w naszej Parafii rekolekcje wielkopostne, kt\u00f3re wyg\u0142osi\u0142 ks. dr J\u00f3zef Trela. Sia\u0142 S\u0142owo Bo\u017ce w spos\u00f3b zrozumia\u0142y, przekonywaj\u0105cy i z moc\u0105. S\u0142uchali\u015bmy o tym, \u017ce opowiedzenie si\u0119 za Panem Jezusem ma podw\u00f3jn\u0105 trudno\u015b\u0107, zar\u00f3wno wewn\u0119trzn\u0105, jak i zewn\u0119trzn\u0105: wewn\u0119trzn\u0105, bo samo\u2026","rel":"","context":"W \u201eAktualno\u015bci&quot;","block_context":{"text":"Aktualno\u015bci","link":"https:\/\/parafiaustrzyki.pl\/index.php\/category\/aktualnosci\/"},"img":{"alt_text":"","src":"https:\/\/i0.wp.com\/parafiaustrzyki.pl\/wp-content\/uploads\/Ks_Jozef_Trela_mm.png?resize=350%2C200&ssl=1","width":350,"height":200,"srcset":"https:\/\/i0.wp.com\/parafiaustrzyki.pl\/wp-content\/uploads\/Ks_Jozef_Trela_mm.png?resize=350%2C200&ssl=1 1x, https:\/\/i0.wp.com\/parafiaustrzyki.pl\/wp-content\/uploads\/Ks_Jozef_Trela_mm.png?resize=525%2C300&ssl=1 1.5x"},"classes":[]},{"id":2492,"url":"https:\/\/parafiaustrzyki.pl\/index.php\/2026\/04\/12\/jezus-zyje\/","url_meta":{"origin":1344,"position":2},"title":"JEZUS &#8222;\u017bYJE&#8221;","author":"admin","date":"12 kwietnia 2026","format":false,"excerpt":"\u201eZnak Krzy\u017ca\u201d to spektakl wystawiony w Niedziel\u0119 Mi\u0142osierdzia Bo\u017cego na czasie, bo z g\u0142\u0119bok\u0105 refleksj\u0105 w perspektywie wydarze\u0144 zbawczych, kt\u00f3re prze\u017cywamy. A jakie to refleksje? Mi\u0119dzy innymi o Krzy\u017cu, z pytaniem: Jaki jest? B\u0119dziemy wszyscy ten Krzy\u017c d\u017awiga\u0107, ale Pan Jezus b\u0119dzie z nami, bo jest z tymi, kt\u00f3rzy p\u0142acz\u0105,\u2026","rel":"","context":"W \u201eAktualno\u015bci&quot;","block_context":{"text":"Aktualno\u015bci","link":"https:\/\/parafiaustrzyki.pl\/index.php\/category\/aktualnosci\/"},"img":{"alt_text":"","src":"https:\/\/i0.wp.com\/parafiaustrzyki.pl\/wp-content\/uploads\/Znak_Krzyza.jpg?resize=350%2C200&ssl=1","width":350,"height":200,"srcset":"https:\/\/i0.wp.com\/parafiaustrzyki.pl\/wp-content\/uploads\/Znak_Krzyza.jpg?resize=350%2C200&ssl=1 1x, https:\/\/i0.wp.com\/parafiaustrzyki.pl\/wp-content\/uploads\/Znak_Krzyza.jpg?resize=525%2C300&ssl=1 1.5x"},"classes":[]},{"id":2184,"url":"https:\/\/parafiaustrzyki.pl\/index.php\/2026\/02\/18\/list-pasterski-metropolity-przemyskiego-na-wielki-post-2026\/","url_meta":{"origin":1344,"position":3},"title":"LIST PASTERSKI METROPOLITY PRZEMYSKIEGO NA WIELKI POST 2026","author":"admin","date":"18 lutego 2026","format":false,"excerpt":"LIST PASTERSKI Metropolity Przemyskiego na Wielki Post 2026 W\u0142asnym przyk\u0142adem u\u015bwi\u0119ci\u0107 okres pokuty Drodzy Bracia i Siostry! W \u015arod\u0119 Popielcow\u0105 rozpocz\u0119li\u015bmy liturgiczny okres Wielkiego Postu. To czas g\u0142\u0119bokiej zadumy nad Bogiem, kt\u00f3ry z mi\u0142o\u015bci do cz\u0142owieka nie oszcz\u0119dzi\u0142 w\u0142asnego Syna, lecz za nas Go ofiarowa\u0142. Ka\u017cdy mijany przez nas krzy\u017c,\u2026","rel":"","context":"W \u201eAktualno\u015bci&quot;","block_context":{"text":"Aktualno\u015bci","link":"https:\/\/parafiaustrzyki.pl\/index.php\/category\/aktualnosci\/"},"img":{"alt_text":"","src":"https:\/\/i0.wp.com\/parafiaustrzyki.pl\/wp-content\/uploads\/list_pasterski_WielkiPost2026.png?resize=350%2C200&ssl=1","width":350,"height":200,"srcset":"https:\/\/i0.wp.com\/parafiaustrzyki.pl\/wp-content\/uploads\/list_pasterski_WielkiPost2026.png?resize=350%2C200&ssl=1 1x, https:\/\/i0.wp.com\/parafiaustrzyki.pl\/wp-content\/uploads\/list_pasterski_WielkiPost2026.png?resize=525%2C300&ssl=1 1.5x"},"classes":[]},{"id":1361,"url":"https:\/\/parafiaustrzyki.pl\/index.php\/2025\/11\/11\/107-rocznica-odzyskania-niepodleglosci\/","url_meta":{"origin":1344,"position":4},"title":"107. ROCZNICA ODZYSKANIA NIEPODLEG\u0141O\u015aCI","author":"admin","date":"11 listopada 2025","format":false,"excerpt":"Z Bogiem wszystko jest mo\u017cliwe W Narodowe \u015awi\u0119to Niepodleg\u0142o\u015bci w naszym ko\u015bciele zosta\u0142a odprawiona Msza \u015bwi\u0119ta koncelebrowana pod przewodnictwem ks. dziekana Romana Szczupaka, proboszcza parafii \u015awi\u0119tego J\u00f3zefa Robotnika w Ustrzykach Dolnych (koncelebra wraz z ks. J\u00f3zefem \u015alusarczykiem, proboszczem Sanktuarium Matki Bo\u017cej Bieszczadzkiej, i ks. Jackiem D\u017coniem, proboszczem parafii Naj\u015bwi\u0119tszej Maryi\u2026","rel":"","context":"W \u201eAktualno\u015bci&quot;","block_context":{"text":"Aktualno\u015bci","link":"https:\/\/parafiaustrzyki.pl\/index.php\/category\/aktualnosci\/"},"img":{"alt_text":"","src":"https:\/\/i0.wp.com\/parafiaustrzyki.pl\/wp-content\/uploads\/kosciol_11_11_2025.jpg?resize=350%2C200&ssl=1","width":350,"height":200,"srcset":"https:\/\/i0.wp.com\/parafiaustrzyki.pl\/wp-content\/uploads\/kosciol_11_11_2025.jpg?resize=350%2C200&ssl=1 1x, https:\/\/i0.wp.com\/parafiaustrzyki.pl\/wp-content\/uploads\/kosciol_11_11_2025.jpg?resize=525%2C300&ssl=1 1.5x"},"classes":[]},{"id":1972,"url":"https:\/\/parafiaustrzyki.pl\/index.php\/2026\/04\/06\/niedziele-w-kinie-orzel-7-i-8-lutego-2026-r-godz-19-00\/","url_meta":{"origin":1344,"position":5},"title":"&#8222;OSTATNIA WIECZERZA&#8221; w KINIE ORZE\u0141 \u2013 19 KWIETNIA 2026 r. godz. 19.00","author":"admin","date":"6 kwietnia 2026","format":false,"excerpt":"\"Ostatnia Wieczerza\" to opowie\u015b\u0107 o najbardziej znanej kolacji w historii \u2014 ale tym razem widzianej oczami cz\u0142owieka, kt\u00f3ry mia\u0142 j\u0105 na zawsze naznaczy\u0107. W centrum wydarze\u0144 znajduje si\u0119 Judasz \u2014 nie jako jednowymiarowy zdrajca, lecz jako zagubiony, rozdarty wewn\u0119trznie ucze\u0144, pr\u00f3buj\u0105cy zrozumie\u0107 swoj\u0105 rol\u0119 w planie, kt\u00f3ry go przerasta.W napi\u0119tej\u2026","rel":"","context":"W \u201eAktualno\u015bci&quot;","block_context":{"text":"Aktualno\u015bci","link":"https:\/\/parafiaustrzyki.pl\/index.php\/category\/aktualnosci\/"},"img":{"alt_text":"","src":"https:\/\/i0.wp.com\/parafiaustrzyki.pl\/wp-content\/uploads\/Ostatnia_wieczerza.jpg?resize=350%2C200&ssl=1","width":350,"height":200,"srcset":"https:\/\/i0.wp.com\/parafiaustrzyki.pl\/wp-content\/uploads\/Ostatnia_wieczerza.jpg?resize=350%2C200&ssl=1 1x, https:\/\/i0.wp.com\/parafiaustrzyki.pl\/wp-content\/uploads\/Ostatnia_wieczerza.jpg?resize=525%2C300&ssl=1 1.5x"},"classes":[]}],"_links":{"self":[{"href":"https:\/\/parafiaustrzyki.pl\/index.php\/wp-json\/wp\/v2\/posts\/1344","targetHints":{"allow":["GET"]}}],"collection":[{"href":"https:\/\/parafiaustrzyki.pl\/index.php\/wp-json\/wp\/v2\/posts"}],"about":[{"href":"https:\/\/parafiaustrzyki.pl\/index.php\/wp-json\/wp\/v2\/types\/post"}],"author":[{"embeddable":true,"href":"https:\/\/parafiaustrzyki.pl\/index.php\/wp-json\/wp\/v2\/users\/2"}],"replies":[{"embeddable":true,"href":"https:\/\/parafiaustrzyki.pl\/index.php\/wp-json\/wp\/v2\/comments?post=1344"}],"version-history":[{"count":2,"href":"https:\/\/parafiaustrzyki.pl\/index.php\/wp-json\/wp\/v2\/posts\/1344\/revisions"}],"predecessor-version":[{"id":1360,"href":"https:\/\/parafiaustrzyki.pl\/index.php\/wp-json\/wp\/v2\/posts\/1344\/revisions\/1360"}],"wp:featuredmedia":[{"embeddable":true,"href":"https:\/\/parafiaustrzyki.pl\/index.php\/wp-json\/wp\/v2\/media\/1345"}],"wp:attachment":[{"href":"https:\/\/parafiaustrzyki.pl\/index.php\/wp-json\/wp\/v2\/media?parent=1344"}],"wp:term":[{"taxonomy":"category","embeddable":true,"href":"https:\/\/parafiaustrzyki.pl\/index.php\/wp-json\/wp\/v2\/categories?post=1344"},{"taxonomy":"post_tag","embeddable":true,"href":"https:\/\/parafiaustrzyki.pl\/index.php\/wp-json\/wp\/v2\/tags?post=1344"}],"curies":[{"name":"wp","href":"https:\/\/api.w.org\/{rel}","templated":true}]}}