{"id":1327,"date":"2025-11-03T06:25:57","date_gmt":"2025-11-03T06:25:57","guid":{"rendered":"https:\/\/parafiaustrzyki.pl\/?p=1327"},"modified":"2025-11-03T06:25:57","modified_gmt":"2025-11-03T06:25:57","slug":"wspomnienie-o-marianie-nosalu","status":"publish","type":"post","link":"https:\/\/parafiaustrzyki.pl\/index.php\/2025\/11\/03\/wspomnienie-o-marianie-nosalu\/","title":{"rendered":"WSPOMNIENIE O MARIANIE NOSALU"},"content":{"rendered":"<div class=\"xdj266r x14z9mp xat24cr x1lziwak x1vvkbs x126k92a\">\n<div dir=\"auto\" style=\"text-align: justify;\">W kolejnym cyklu \u201eJeszcze si\u0119 tam \u017cagiel bieli\u2026\u201d Powiatowa i Miejska Biblioteka Publiczna im. prof. Eugeniusza Wanieka w Ustrzykach Dolnych zaprasza na wspomnienie o Marianie Nosalu (1954-2012), in\u017cynierze, kt\u00f3ry pisa\u0142 wiersze, g\u0142\u00f3wnym wykonawc\u0105 renowacji i rozbudowy ko\u015bcio\u0142a Naj\u015bwi\u0119tszej Maryi Panny Kr\u00f3lowej Polski w Ustrzykach Dolnych. O Marianie Nosalu w rozmowie opowie jego \u017cona Halina Nosal. A ca\u0142o\u015b\u0107 zostanie utrzymana w oprawie muzycznej Piotra Ho\u0142ubowskiego. Nie zabraknie tak\u017ce przypomnienia refleksyjnej poezji Mariana Nosala.<\/div>\n<\/div>\n<div class=\"x14z9mp xat24cr x1lziwak x1vvkbs xtlvy1s x126k92a\">\n<div dir=\"auto\" style=\"text-align: right;\"><strong>Zapraszamy, pi\u0105tek, 7 listopada, o godz. 16.30 (sala na 3 p.).<\/strong><\/div>\n<div dir=\"auto\"><img loading=\"lazy\" decoding=\"async\" class=\"wp-image-1328 size-full aligncenter\" src=\"https:\/\/parafiaustrzyki.pl\/wp-content\/uploads\/573563791_811355841523739_8652786108789254742_n.jpg\" alt=\"\" width=\"842\" height=\"1191\" srcset=\"https:\/\/parafiaustrzyki.pl\/wp-content\/uploads\/573563791_811355841523739_8652786108789254742_n.jpg 842w, https:\/\/parafiaustrzyki.pl\/wp-content\/uploads\/573563791_811355841523739_8652786108789254742_n-212x300.jpg 212w, https:\/\/parafiaustrzyki.pl\/wp-content\/uploads\/573563791_811355841523739_8652786108789254742_n-724x1024.jpg 724w, https:\/\/parafiaustrzyki.pl\/wp-content\/uploads\/573563791_811355841523739_8652786108789254742_n-106x150.jpg 106w, https:\/\/parafiaustrzyki.pl\/wp-content\/uploads\/573563791_811355841523739_8652786108789254742_n-768x1086.jpg 768w, https:\/\/parafiaustrzyki.pl\/wp-content\/uploads\/573563791_811355841523739_8652786108789254742_n-247x350.jpg 247w\" sizes=\"auto, (max-width: 842px) 100vw, 842px\" \/><\/div>\n<\/div>\n","protected":false},"excerpt":{"rendered":"<p>W kolejnym cyklu \u201eJeszcze si\u0119 tam \u017cagiel bieli\u2026\u201d Powiatowa i Miejska Biblioteka Publiczna im. prof. Eugeniusza Wanieka w Ustrzykach Dolnych zaprasza na wspomnienie o Marianie Nosalu (1954-2012), in\u017cynierze, kt\u00f3ry pisa\u0142 wiersze, g\u0142\u00f3wnym wykonawc\u0105 renowacji i rozbudowy ko\u015bcio\u0142a Naj\u015bwi\u0119tszej Maryi Panny Kr\u00f3lowej Polski w Ustrzykach Dolnych. O Marianie Nosalu w rozmowie &hellip;<\/p>\n","protected":false},"author":2,"featured_media":1329,"comment_status":"closed","ping_status":"closed","sticky":false,"template":"","format":"standard","meta":{"ngg_post_thumbnail":0,"footnotes":""},"categories":[6],"tags":[],"class_list":["post-1327","post","type-post","status-publish","format-standard","has-post-thumbnail","hentry","category-aktualnosci"],"yoast_head":"<!-- This site is optimized with the Yoast SEO plugin v27.5 - https:\/\/yoast.com\/product\/yoast-seo-wordpress\/ -->\n<title>WSPOMNIENIE O MARIANIE NOSALU - Parafia pw. NMP Kr\u00f3lowej Polski w Ustrzykach Dolnych<\/title>\n<meta name=\"robots\" content=\"index, follow, max-snippet:-1, max-image-preview:large, max-video-preview:-1\" \/>\n<link rel=\"canonical\" href=\"https:\/\/parafiaustrzyki.pl\/index.php\/2025\/11\/03\/wspomnienie-o-marianie-nosalu\/\" \/>\n<meta property=\"og:locale\" content=\"pl_PL\" \/>\n<meta property=\"og:type\" content=\"article\" \/>\n<meta property=\"og:title\" content=\"WSPOMNIENIE O MARIANIE NOSALU - Parafia pw. NMP Kr\u00f3lowej Polski w Ustrzykach Dolnych\" \/>\n<meta property=\"og:description\" content=\"W kolejnym cyklu \u201eJeszcze si\u0119 tam \u017cagiel bieli\u2026\u201d Powiatowa i Miejska Biblioteka Publiczna im. prof. Eugeniusza Wanieka w Ustrzykach Dolnych zaprasza na wspomnienie o Marianie Nosalu (1954-2012), in\u017cynierze, kt\u00f3ry pisa\u0142 wiersze, g\u0142\u00f3wnym wykonawc\u0105 renowacji i rozbudowy ko\u015bcio\u0142a Naj\u015bwi\u0119tszej Maryi Panny Kr\u00f3lowej Polski w Ustrzykach Dolnych. O Marianie Nosalu w rozmowie &hellip;\" \/>\n<meta property=\"og:url\" content=\"https:\/\/parafiaustrzyki.pl\/index.php\/2025\/11\/03\/wspomnienie-o-marianie-nosalu\/\" \/>\n<meta property=\"og:site_name\" content=\"Parafia pw. NMP Kr\u00f3lowej Polski w Ustrzykach Dolnych\" \/>\n<meta property=\"article:published_time\" content=\"2025-11-03T06:25:57+00:00\" \/>\n<meta property=\"og:image\" content=\"https:\/\/parafiaustrzyki.pl\/wp-content\/uploads\/marian_bibkioteka.jpg\" \/>\n\t<meta property=\"og:image:width\" content=\"533\" \/>\n\t<meta property=\"og:image:height\" content=\"353\" \/>\n\t<meta property=\"og:image:type\" content=\"image\/jpeg\" \/>\n<meta name=\"author\" content=\"admin\" \/>\n<meta name=\"twitter:card\" content=\"summary_large_image\" \/>\n<meta name=\"twitter:label1\" content=\"Napisane przez\" \/>\n\t<meta name=\"twitter:data1\" content=\"admin\" \/>\n\t<meta name=\"twitter:label2\" content=\"Szacowany czas czytania\" \/>\n\t<meta name=\"twitter:data2\" content=\"1 minuta\" \/>\n<script type=\"application\/ld+json\" class=\"yoast-schema-graph\">{\"@context\":\"https:\\\/\\\/schema.org\",\"@graph\":[{\"@type\":\"Article\",\"@id\":\"https:\\\/\\\/parafiaustrzyki.pl\\\/index.php\\\/2025\\\/11\\\/03\\\/wspomnienie-o-marianie-nosalu\\\/#article\",\"isPartOf\":{\"@id\":\"https:\\\/\\\/parafiaustrzyki.pl\\\/index.php\\\/2025\\\/11\\\/03\\\/wspomnienie-o-marianie-nosalu\\\/\"},\"author\":{\"name\":\"admin\",\"@id\":\"https:\\\/\\\/parafiaustrzyki.pl\\\/#\\\/schema\\\/person\\\/0093e7d61a4c4ca9a64b71422f505800\"},\"headline\":\"WSPOMNIENIE O MARIANIE NOSALU\",\"datePublished\":\"2025-11-03T06:25:57+00:00\",\"mainEntityOfPage\":{\"@id\":\"https:\\\/\\\/parafiaustrzyki.pl\\\/index.php\\\/2025\\\/11\\\/03\\\/wspomnienie-o-marianie-nosalu\\\/\"},\"wordCount\":96,\"image\":{\"@id\":\"https:\\\/\\\/parafiaustrzyki.pl\\\/index.php\\\/2025\\\/11\\\/03\\\/wspomnienie-o-marianie-nosalu\\\/#primaryimage\"},\"thumbnailUrl\":\"https:\\\/\\\/parafiaustrzyki.pl\\\/wp-content\\\/uploads\\\/marian_bibkioteka.jpg\",\"articleSection\":[\"Aktualno\u015bci\"],\"inLanguage\":\"pl-PL\"},{\"@type\":\"WebPage\",\"@id\":\"https:\\\/\\\/parafiaustrzyki.pl\\\/index.php\\\/2025\\\/11\\\/03\\\/wspomnienie-o-marianie-nosalu\\\/\",\"url\":\"https:\\\/\\\/parafiaustrzyki.pl\\\/index.php\\\/2025\\\/11\\\/03\\\/wspomnienie-o-marianie-nosalu\\\/\",\"name\":\"WSPOMNIENIE O MARIANIE NOSALU - Parafia pw. NMP Kr\u00f3lowej Polski w Ustrzykach Dolnych\",\"isPartOf\":{\"@id\":\"https:\\\/\\\/parafiaustrzyki.pl\\\/#website\"},\"primaryImageOfPage\":{\"@id\":\"https:\\\/\\\/parafiaustrzyki.pl\\\/index.php\\\/2025\\\/11\\\/03\\\/wspomnienie-o-marianie-nosalu\\\/#primaryimage\"},\"image\":{\"@id\":\"https:\\\/\\\/parafiaustrzyki.pl\\\/index.php\\\/2025\\\/11\\\/03\\\/wspomnienie-o-marianie-nosalu\\\/#primaryimage\"},\"thumbnailUrl\":\"https:\\\/\\\/parafiaustrzyki.pl\\\/wp-content\\\/uploads\\\/marian_bibkioteka.jpg\",\"datePublished\":\"2025-11-03T06:25:57+00:00\",\"author\":{\"@id\":\"https:\\\/\\\/parafiaustrzyki.pl\\\/#\\\/schema\\\/person\\\/0093e7d61a4c4ca9a64b71422f505800\"},\"breadcrumb\":{\"@id\":\"https:\\\/\\\/parafiaustrzyki.pl\\\/index.php\\\/2025\\\/11\\\/03\\\/wspomnienie-o-marianie-nosalu\\\/#breadcrumb\"},\"inLanguage\":\"pl-PL\",\"potentialAction\":[{\"@type\":\"ReadAction\",\"target\":[\"https:\\\/\\\/parafiaustrzyki.pl\\\/index.php\\\/2025\\\/11\\\/03\\\/wspomnienie-o-marianie-nosalu\\\/\"]}]},{\"@type\":\"ImageObject\",\"inLanguage\":\"pl-PL\",\"@id\":\"https:\\\/\\\/parafiaustrzyki.pl\\\/index.php\\\/2025\\\/11\\\/03\\\/wspomnienie-o-marianie-nosalu\\\/#primaryimage\",\"url\":\"https:\\\/\\\/parafiaustrzyki.pl\\\/wp-content\\\/uploads\\\/marian_bibkioteka.jpg\",\"contentUrl\":\"https:\\\/\\\/parafiaustrzyki.pl\\\/wp-content\\\/uploads\\\/marian_bibkioteka.jpg\",\"width\":533,\"height\":353},{\"@type\":\"BreadcrumbList\",\"@id\":\"https:\\\/\\\/parafiaustrzyki.pl\\\/index.php\\\/2025\\\/11\\\/03\\\/wspomnienie-o-marianie-nosalu\\\/#breadcrumb\",\"itemListElement\":[{\"@type\":\"ListItem\",\"position\":1,\"name\":\"Strona g\u0142\u00f3wna\",\"item\":\"https:\\\/\\\/parafiaustrzyki.pl\\\/\"},{\"@type\":\"ListItem\",\"position\":2,\"name\":\"WSPOMNIENIE O MARIANIE NOSALU\"}]},{\"@type\":\"WebSite\",\"@id\":\"https:\\\/\\\/parafiaustrzyki.pl\\\/#website\",\"url\":\"https:\\\/\\\/parafiaustrzyki.pl\\\/\",\"name\":\"Parafia pw. NMP Kr\u00f3lowej Polski w Ustrzykach Dolnych\",\"description\":\"Witamy w naszej parafii\",\"potentialAction\":[{\"@type\":\"SearchAction\",\"target\":{\"@type\":\"EntryPoint\",\"urlTemplate\":\"https:\\\/\\\/parafiaustrzyki.pl\\\/?s={search_term_string}\"},\"query-input\":{\"@type\":\"PropertyValueSpecification\",\"valueRequired\":true,\"valueName\":\"search_term_string\"}}],\"inLanguage\":\"pl-PL\"},{\"@type\":\"Person\",\"@id\":\"https:\\\/\\\/parafiaustrzyki.pl\\\/#\\\/schema\\\/person\\\/0093e7d61a4c4ca9a64b71422f505800\",\"name\":\"admin\",\"sameAs\":[\"https:\\\/\\\/parafiaustrzyki.pl\"],\"url\":\"https:\\\/\\\/parafiaustrzyki.pl\\\/index.php\\\/author\\\/admin-2\\\/\"}]}<\/script>\n<!-- \/ Yoast SEO plugin. -->","yoast_head_json":{"title":"WSPOMNIENIE O MARIANIE NOSALU - Parafia pw. NMP Kr\u00f3lowej Polski w Ustrzykach Dolnych","robots":{"index":"index","follow":"follow","max-snippet":"max-snippet:-1","max-image-preview":"max-image-preview:large","max-video-preview":"max-video-preview:-1"},"canonical":"https:\/\/parafiaustrzyki.pl\/index.php\/2025\/11\/03\/wspomnienie-o-marianie-nosalu\/","og_locale":"pl_PL","og_type":"article","og_title":"WSPOMNIENIE O MARIANIE NOSALU - Parafia pw. NMP Kr\u00f3lowej Polski w Ustrzykach Dolnych","og_description":"W kolejnym cyklu \u201eJeszcze si\u0119 tam \u017cagiel bieli\u2026\u201d Powiatowa i Miejska Biblioteka Publiczna im. prof. Eugeniusza Wanieka w Ustrzykach Dolnych zaprasza na wspomnienie o Marianie Nosalu (1954-2012), in\u017cynierze, kt\u00f3ry pisa\u0142 wiersze, g\u0142\u00f3wnym wykonawc\u0105 renowacji i rozbudowy ko\u015bcio\u0142a Naj\u015bwi\u0119tszej Maryi Panny Kr\u00f3lowej Polski w Ustrzykach Dolnych. O Marianie Nosalu w rozmowie &hellip;","og_url":"https:\/\/parafiaustrzyki.pl\/index.php\/2025\/11\/03\/wspomnienie-o-marianie-nosalu\/","og_site_name":"Parafia pw. NMP Kr\u00f3lowej Polski w Ustrzykach Dolnych","article_published_time":"2025-11-03T06:25:57+00:00","og_image":[{"width":533,"height":353,"url":"https:\/\/parafiaustrzyki.pl\/wp-content\/uploads\/marian_bibkioteka.jpg","type":"image\/jpeg"}],"author":"admin","twitter_card":"summary_large_image","twitter_misc":{"Napisane przez":"admin","Szacowany czas czytania":"1 minuta"},"schema":{"@context":"https:\/\/schema.org","@graph":[{"@type":"Article","@id":"https:\/\/parafiaustrzyki.pl\/index.php\/2025\/11\/03\/wspomnienie-o-marianie-nosalu\/#article","isPartOf":{"@id":"https:\/\/parafiaustrzyki.pl\/index.php\/2025\/11\/03\/wspomnienie-o-marianie-nosalu\/"},"author":{"name":"admin","@id":"https:\/\/parafiaustrzyki.pl\/#\/schema\/person\/0093e7d61a4c4ca9a64b71422f505800"},"headline":"WSPOMNIENIE O MARIANIE NOSALU","datePublished":"2025-11-03T06:25:57+00:00","mainEntityOfPage":{"@id":"https:\/\/parafiaustrzyki.pl\/index.php\/2025\/11\/03\/wspomnienie-o-marianie-nosalu\/"},"wordCount":96,"image":{"@id":"https:\/\/parafiaustrzyki.pl\/index.php\/2025\/11\/03\/wspomnienie-o-marianie-nosalu\/#primaryimage"},"thumbnailUrl":"https:\/\/parafiaustrzyki.pl\/wp-content\/uploads\/marian_bibkioteka.jpg","articleSection":["Aktualno\u015bci"],"inLanguage":"pl-PL"},{"@type":"WebPage","@id":"https:\/\/parafiaustrzyki.pl\/index.php\/2025\/11\/03\/wspomnienie-o-marianie-nosalu\/","url":"https:\/\/parafiaustrzyki.pl\/index.php\/2025\/11\/03\/wspomnienie-o-marianie-nosalu\/","name":"WSPOMNIENIE O MARIANIE NOSALU - Parafia pw. NMP Kr\u00f3lowej Polski w Ustrzykach Dolnych","isPartOf":{"@id":"https:\/\/parafiaustrzyki.pl\/#website"},"primaryImageOfPage":{"@id":"https:\/\/parafiaustrzyki.pl\/index.php\/2025\/11\/03\/wspomnienie-o-marianie-nosalu\/#primaryimage"},"image":{"@id":"https:\/\/parafiaustrzyki.pl\/index.php\/2025\/11\/03\/wspomnienie-o-marianie-nosalu\/#primaryimage"},"thumbnailUrl":"https:\/\/parafiaustrzyki.pl\/wp-content\/uploads\/marian_bibkioteka.jpg","datePublished":"2025-11-03T06:25:57+00:00","author":{"@id":"https:\/\/parafiaustrzyki.pl\/#\/schema\/person\/0093e7d61a4c4ca9a64b71422f505800"},"breadcrumb":{"@id":"https:\/\/parafiaustrzyki.pl\/index.php\/2025\/11\/03\/wspomnienie-o-marianie-nosalu\/#breadcrumb"},"inLanguage":"pl-PL","potentialAction":[{"@type":"ReadAction","target":["https:\/\/parafiaustrzyki.pl\/index.php\/2025\/11\/03\/wspomnienie-o-marianie-nosalu\/"]}]},{"@type":"ImageObject","inLanguage":"pl-PL","@id":"https:\/\/parafiaustrzyki.pl\/index.php\/2025\/11\/03\/wspomnienie-o-marianie-nosalu\/#primaryimage","url":"https:\/\/parafiaustrzyki.pl\/wp-content\/uploads\/marian_bibkioteka.jpg","contentUrl":"https:\/\/parafiaustrzyki.pl\/wp-content\/uploads\/marian_bibkioteka.jpg","width":533,"height":353},{"@type":"BreadcrumbList","@id":"https:\/\/parafiaustrzyki.pl\/index.php\/2025\/11\/03\/wspomnienie-o-marianie-nosalu\/#breadcrumb","itemListElement":[{"@type":"ListItem","position":1,"name":"Strona g\u0142\u00f3wna","item":"https:\/\/parafiaustrzyki.pl\/"},{"@type":"ListItem","position":2,"name":"WSPOMNIENIE O MARIANIE NOSALU"}]},{"@type":"WebSite","@id":"https:\/\/parafiaustrzyki.pl\/#website","url":"https:\/\/parafiaustrzyki.pl\/","name":"Parafia pw. NMP Kr\u00f3lowej Polski w Ustrzykach Dolnych","description":"Witamy w naszej parafii","potentialAction":[{"@type":"SearchAction","target":{"@type":"EntryPoint","urlTemplate":"https:\/\/parafiaustrzyki.pl\/?s={search_term_string}"},"query-input":{"@type":"PropertyValueSpecification","valueRequired":true,"valueName":"search_term_string"}}],"inLanguage":"pl-PL"},{"@type":"Person","@id":"https:\/\/parafiaustrzyki.pl\/#\/schema\/person\/0093e7d61a4c4ca9a64b71422f505800","name":"admin","sameAs":["https:\/\/parafiaustrzyki.pl"],"url":"https:\/\/parafiaustrzyki.pl\/index.php\/author\/admin-2\/"}]}},"jetpack_featured_media_url":"https:\/\/parafiaustrzyki.pl\/wp-content\/uploads\/marian_bibkioteka.jpg","jetpack-related-posts":[{"id":1344,"url":"https:\/\/parafiaustrzyki.pl\/index.php\/2025\/11\/09\/jasmin-przekwitl-ale-pamiec-trwa-wspomnienie-o-marianie-nosalu\/","url_meta":{"origin":1327,"position":0},"title":"JA\u015aMIN PRZEKWIT\u0141, ALE PAMI\u0118\u0106 TRWA \u2013 WSPOMNIENIE O MARIANIE NOSALU","author":"admin","date":"9 listopada 2025","format":false,"excerpt":"Ciep\u0142e, wzruszaj\u0105ce wspomnienie o Marianie Nosalu (1954-2012), in\u017cynierze, kt\u00f3ry pisa\u0142 wiersze, pierwszym wykonawcy rozbudowy i renowacji ko\u015bcio\u0142a pw. Naj\u015bwi\u0119tszej Maryi Panny Kr\u00f3lowej Polski w Ustrzykach Dolnych w rozmowie z \u017con\u0105 Halin\u0105 Nosal (by\u0142 te\u017c obecny syn Piotr). Ale jak si\u0119 okazuje, wspomnienie o osobie o wielu zainteresowaniach, w tym m.in.\u2026","rel":"","context":"W \u201eAktualno\u015bci&quot;","block_context":{"text":"Aktualno\u015bci","link":"https:\/\/parafiaustrzyki.pl\/index.php\/category\/aktualnosci\/"},"img":{"alt_text":"","src":"https:\/\/i0.wp.com\/parafiaustrzyki.pl\/wp-content\/uploads\/H_Nosal.jpg?resize=350%2C200&ssl=1","width":350,"height":200,"srcset":"https:\/\/i0.wp.com\/parafiaustrzyki.pl\/wp-content\/uploads\/H_Nosal.jpg?resize=350%2C200&ssl=1 1x, https:\/\/i0.wp.com\/parafiaustrzyki.pl\/wp-content\/uploads\/H_Nosal.jpg?resize=525%2C300&ssl=1 1.5x"},"classes":[]},{"id":1475,"url":"https:\/\/parafiaustrzyki.pl\/index.php\/2025\/11\/27\/20-lecie-wtz-w-ustrzykach-dolnych-wspolne-dziekczynienie-za-dwie-dekady-pracy-i-przyjazni\/","url_meta":{"origin":1327,"position":1},"title":"20-LECIE WTZ W USTRZYKACH DOLNYCH \u2013 WSP\u00d3LNE DZI\u0118KCZYNIENIE ZA DWIE DEKADY PRACY I PRZYJA\u0179NI","author":"admin","date":"27 listopada 2025","format":false,"excerpt":"Ustrzyki Dolne obchodzi\u0142y niezwyk\u0142\u0105 rocznic\u0119 \u2013 XX-lecie istnienia Warsztat\u00f3w Terapii Zaj\u0119ciowej. To czas pe\u0142en wzrusze\u0144, rado\u015bci i wspomnie\u0144, kt\u00f3re na d\u0142ugo pozostan\u0105 w sercach uczestnik\u00f3w, pracownik\u00f3w i przyjaci\u00f3\u0142 o\u015brodka. Uroczysto\u015bci rozpocz\u0119\u0142y si\u0119 od szczeg\u00f3lnego momentu \u2013 uroczystej Mszy \u015awi\u0119tej sprawowanej w naszym ko\u015bciele parafialnym. W ko\u015bciele zgromadzili si\u0119 uczestnicy warsztat\u00f3w,\u2026","rel":"","context":"W \u201eAktualno\u015bci&quot;","block_context":{"text":"Aktualno\u015bci","link":"https:\/\/parafiaustrzyki.pl\/index.php\/category\/aktualnosci\/"},"img":{"alt_text":"","src":"https:\/\/i0.wp.com\/parafiaustrzyki.pl\/wp-content\/uploads\/WTZ.png?resize=350%2C200&ssl=1","width":350,"height":200,"srcset":"https:\/\/i0.wp.com\/parafiaustrzyki.pl\/wp-content\/uploads\/WTZ.png?resize=350%2C200&ssl=1 1x, https:\/\/i0.wp.com\/parafiaustrzyki.pl\/wp-content\/uploads\/WTZ.png?resize=525%2C300&ssl=1 1.5x"},"classes":[]},{"id":1340,"url":"https:\/\/parafiaustrzyki.pl\/index.php\/2025\/11\/08\/zaproszenie-na-obchody-narodowego-swieta-niepodleglosci\/","url_meta":{"origin":1327,"position":2},"title":"ZAPROSZENIE NA OBCHODY NARODOWEGO \u015aWI\u0118TA NIEPODLEG\u0141O\u015aCI","author":"admin","date":"8 listopada 2025","format":false,"excerpt":"Starosta Bieszczadzki oraz Burmistrz Ustrzyk Dolnych maj\u0105 zaszczyt zaprosi\u0107 Mieszka\u0144c\u00f3w Powiatu Bieszczadzkiego na uroczyste obchody Narodowego \u015awi\u0119ta Niepodleg\u0142o\u015bci, kt\u00f3re odb\u0119d\u0105 si\u0119 we wtorek, 11 listopada 2025 r. w Ustrzykach Dolnych. Program uroczysto\u015bci: 9:00 \u2013 Uroczyste rozpocz\u0119cie obchod\u00f3w oraz koncert pie\u015bni patriotycznych w Bieszczadzkim Centrum Dziedzictwa Kulturowego FANTO 10:30 \u2013 Msza\u2026","rel":"","context":"W \u201eAktualno\u015bci&quot;","block_context":{"text":"Aktualno\u015bci","link":"https:\/\/parafiaustrzyki.pl\/index.php\/category\/aktualnosci\/"},"img":{"alt_text":"","src":"https:\/\/i0.wp.com\/parafiaustrzyki.pl\/wp-content\/uploads\/11_listopada.jpg?resize=350%2C200&ssl=1","width":350,"height":200,"srcset":"https:\/\/i0.wp.com\/parafiaustrzyki.pl\/wp-content\/uploads\/11_listopada.jpg?resize=350%2C200&ssl=1 1x, https:\/\/i0.wp.com\/parafiaustrzyki.pl\/wp-content\/uploads\/11_listopada.jpg?resize=525%2C300&ssl=1 1.5x"},"classes":[]},{"id":2492,"url":"https:\/\/parafiaustrzyki.pl\/index.php\/2026\/04\/12\/jezus-zyje\/","url_meta":{"origin":1327,"position":3},"title":"JEZUS &#8222;\u017bYJE&#8221;","author":"admin","date":"12 kwietnia 2026","format":false,"excerpt":"\u201eZnak Krzy\u017ca\u201d to spektakl wystawiony w Niedziel\u0119 Mi\u0142osierdzia Bo\u017cego na czasie, bo z g\u0142\u0119bok\u0105 refleksj\u0105 w perspektywie wydarze\u0144 zbawczych, kt\u00f3re prze\u017cywamy. A jakie to refleksje? Mi\u0119dzy innymi o Krzy\u017cu, z pytaniem: Jaki jest? B\u0119dziemy wszyscy ten Krzy\u017c d\u017awiga\u0107, ale Pan Jezus b\u0119dzie z nami, bo jest z tymi, kt\u00f3rzy p\u0142acz\u0105,\u2026","rel":"","context":"W \u201eAktualno\u015bci&quot;","block_context":{"text":"Aktualno\u015bci","link":"https:\/\/parafiaustrzyki.pl\/index.php\/category\/aktualnosci\/"},"img":{"alt_text":"","src":"https:\/\/i0.wp.com\/parafiaustrzyki.pl\/wp-content\/uploads\/Znak_Krzyza.jpg?resize=350%2C200&ssl=1","width":350,"height":200,"srcset":"https:\/\/i0.wp.com\/parafiaustrzyki.pl\/wp-content\/uploads\/Znak_Krzyza.jpg?resize=350%2C200&ssl=1 1x, https:\/\/i0.wp.com\/parafiaustrzyki.pl\/wp-content\/uploads\/Znak_Krzyza.jpg?resize=525%2C300&ssl=1 1.5x"},"classes":[]},{"id":927,"url":"https:\/\/parafiaustrzyki.pl\/index.php\/2025\/10\/01\/zaplanuj-dlugi-weekend-bozego-ciala-w-ustrzykach-dolnych\/","url_meta":{"origin":1327,"position":4},"title":"TRIUMF SERCA w KINIE ORZE\u0141 \u2013 4 i 5 PA\u0179DZIERNIKA 2025 r. godz. 19.00","author":"admin","date":"1 pa\u017adziernika 2025","format":false,"excerpt":"\u201eTriumf serca\u201d to dramat oparty na prawdziwej historii \u015bw.\u00a0Maksymiliana Marii Kolbego\u00a0\u2013 franciszkanina, kt\u00f3ry w obozie koncentracyjnym Auschwitz odda\u0142 \u017cycie za wsp\u00f3\u0142wi\u0119\u017ania. Film ameryka\u0144skiego re\u017cysera\u00a0Anthony\u2019ego D\u2019Ambrosio\u00a0rozpoczyna si\u0119 tam, gdzie wi\u0119kszo\u015b\u0107 opowie\u015bci o ojcu\u00a0Kolbem\u00a0si\u0119 ko\u0144czy \u2013 w celi \u015bmierci. I cho\u0107 w retrospekcjach powracamy do wa\u017cnych moment\u00f3w z \u017cycia \u015bw.\u00a0Maksymiliana Marii Kolbego,\u2026","rel":"","context":"W \u201eAktualno\u015bci&quot;","block_context":{"text":"Aktualno\u015bci","link":"https:\/\/parafiaustrzyki.pl\/index.php\/category\/aktualnosci\/"},"img":{"alt_text":"","src":"https:\/\/i0.wp.com\/parafiaustrzyki.pl\/wp-content\/uploads\/Triumf-Serca_s.jpg?resize=350%2C200&ssl=1","width":350,"height":200},"classes":[]},{"id":1780,"url":"https:\/\/parafiaustrzyki.pl\/index.php\/2026\/01\/18\/czy-pan-jezus-znajdzie-miejsce-w-naszych-sercach\/","url_meta":{"origin":1327,"position":5},"title":"CZY PAN JEZUS ZNAJDZIE MIEJSCE W NASZYCH SERCACH?","author":"admin","date":"18 stycznia 2026","format":false,"excerpt":"Dwukrotnie, przy pe\u0142nej widowni (siedz\u0105cej i stoj\u0105cej), prze\u017cywali\u015bmy jase\u0142ka w Ustrzyckim Domu Kultury, pt. \u201e\u015awi\u0105teczna Ulica\u201d. Zamiast streszczenia jase\u0142ek, niekt\u00f3re dylematy z nich wynikaj\u0105ce do przemy\u015blenia,\u00a0 wyartyku\u0142owane przez aktor\u00f3w: Czy Pan Jezus znajdzie miejsce w naszych sercach? \u017beby\u015b nie pomin\u0105\u0142 tego, co nadaje sens \u017cyciu! Mo\u017cna by\u0107 blisko, a zarazem\u2026","rel":"","context":"W \u201eAktualno\u015bci&quot;","block_context":{"text":"Aktualno\u015bci","link":"https:\/\/parafiaustrzyki.pl\/index.php\/category\/aktualnosci\/"},"img":{"alt_text":"","src":"https:\/\/i0.wp.com\/parafiaustrzyki.pl\/wp-content\/uploads\/jaselka_2026-1.png?resize=350%2C200&ssl=1","width":350,"height":200,"srcset":"https:\/\/i0.wp.com\/parafiaustrzyki.pl\/wp-content\/uploads\/jaselka_2026-1.png?resize=350%2C200&ssl=1 1x, https:\/\/i0.wp.com\/parafiaustrzyki.pl\/wp-content\/uploads\/jaselka_2026-1.png?resize=525%2C300&ssl=1 1.5x"},"classes":[]}],"_links":{"self":[{"href":"https:\/\/parafiaustrzyki.pl\/index.php\/wp-json\/wp\/v2\/posts\/1327","targetHints":{"allow":["GET"]}}],"collection":[{"href":"https:\/\/parafiaustrzyki.pl\/index.php\/wp-json\/wp\/v2\/posts"}],"about":[{"href":"https:\/\/parafiaustrzyki.pl\/index.php\/wp-json\/wp\/v2\/types\/post"}],"author":[{"embeddable":true,"href":"https:\/\/parafiaustrzyki.pl\/index.php\/wp-json\/wp\/v2\/users\/2"}],"replies":[{"embeddable":true,"href":"https:\/\/parafiaustrzyki.pl\/index.php\/wp-json\/wp\/v2\/comments?post=1327"}],"version-history":[{"count":1,"href":"https:\/\/parafiaustrzyki.pl\/index.php\/wp-json\/wp\/v2\/posts\/1327\/revisions"}],"predecessor-version":[{"id":1330,"href":"https:\/\/parafiaustrzyki.pl\/index.php\/wp-json\/wp\/v2\/posts\/1327\/revisions\/1330"}],"wp:featuredmedia":[{"embeddable":true,"href":"https:\/\/parafiaustrzyki.pl\/index.php\/wp-json\/wp\/v2\/media\/1329"}],"wp:attachment":[{"href":"https:\/\/parafiaustrzyki.pl\/index.php\/wp-json\/wp\/v2\/media?parent=1327"}],"wp:term":[{"taxonomy":"category","embeddable":true,"href":"https:\/\/parafiaustrzyki.pl\/index.php\/wp-json\/wp\/v2\/categories?post=1327"},{"taxonomy":"post_tag","embeddable":true,"href":"https:\/\/parafiaustrzyki.pl\/index.php\/wp-json\/wp\/v2\/tags?post=1327"}],"curies":[{"name":"wp","href":"https:\/\/api.w.org\/{rel}","templated":true}]}}