{"id":1313,"date":"2025-10-30T05:25:28","date_gmt":"2025-10-30T05:25:28","guid":{"rendered":"https:\/\/parafiaustrzyki.pl\/?p=1313"},"modified":"2025-10-30T15:31:16","modified_gmt":"2025-10-30T15:31:16","slug":"apel-o-modlitwe-w-intencji-arcybiskupa-seniora-jozefa-michalika","status":"publish","type":"post","link":"https:\/\/parafiaustrzyki.pl\/index.php\/2025\/10\/30\/apel-o-modlitwe-w-intencji-arcybiskupa-seniora-jozefa-michalika\/","title":{"rendered":"APEL O MODLITW\u0118 W INTENCJI ARCYBISKUPA SENIORA J\u00d3ZEFA MICHALIKA"},"content":{"rendered":"<div class=\"tdb-block-inner td-fix-index\">\n<p data-start=\"0\" data-end=\"67\"><strong>Drodzy Bracia i Siostry,<\/strong><\/p>\n<p style=\"text-align: justify;\">w zwi\u0105zku z powa\u017cnym stanem zdrowia <strong>arcybiskupa seniora J\u00f3zefa Michalika<\/strong> oraz konieczno\u015bci\u0105 wykonanie pilnej i trudnej operacji, bardzo prosimy o modlitw\u0119 w Jego intencji \u2013 prosz\u0105c Boga o&nbsp;si\u0142\u0119, pok\u00f3j serca i&nbsp;\u0142ask\u0119 uzdrowienia.<\/p>\n<p style=\"text-align: justify;\" data-start=\"321\" data-end=\"604\">Niech nasza wsp\u00f3lna modlitwa b\u0119dzie wyrazem wdzi\u0119czno\u015bci za Jego wieloletni\u0105, gorliw\u0105 pos\u0142ug\u0119 w Archidiecezji Przemyskiej i dla Ko\u015bcio\u0142a w Polsce oraz znakiem duchowej jedno\u015bci i braterskiej mi\u0142o\u015bci.<\/p>\n<p style=\"text-align: justify;\" data-start=\"321\" data-end=\"604\">Polecajmy Arcybiskupa J\u00f3zefa Mi\u0142osiernemu Bogu przez wstawiennictwo Naj\u015bwi\u0119tszej Maryi Panny i \u015bwi\u0119tych patron\u00f3w naszej archidiecezji: \u015bw. Jana z Dukli&nbsp;\u015bw. J\u00f3zefa Sebastiana Pelczara,&nbsp;b\u0142. Jana Wojciecha Balickiego oraz \u015bw. Dobrego \u0141otra.<\/p>\n<\/div>\n<p style=\"text-align: right;\"><em>Biskupi Archidiecezji Przemyskiej<\/em><\/p>\n<p><img loading=\"lazy\" decoding=\"async\" class=\"wp-image-1315 size-full aligncenter\" src=\"https:\/\/parafiaustrzyki.pl\/wp-content\/uploads\/apel_o_modlitwe-1024x768-1.jpg\" alt=\"\" width=\"1024\" height=\"768\" srcset=\"https:\/\/parafiaustrzyki.pl\/wp-content\/uploads\/apel_o_modlitwe-1024x768-1.jpg 1024w, https:\/\/parafiaustrzyki.pl\/wp-content\/uploads\/apel_o_modlitwe-1024x768-1-300x225.jpg 300w, https:\/\/parafiaustrzyki.pl\/wp-content\/uploads\/apel_o_modlitwe-1024x768-1-150x113.jpg 150w, https:\/\/parafiaustrzyki.pl\/wp-content\/uploads\/apel_o_modlitwe-1024x768-1-768x576.jpg 768w, https:\/\/parafiaustrzyki.pl\/wp-content\/uploads\/apel_o_modlitwe-1024x768-1-467x350.jpg 467w\" sizes=\"auto, (max-width: 1024px) 100vw, 1024px\" \/><\/p>\n","protected":false},"excerpt":{"rendered":"<p>Drodzy Bracia i Siostry, w zwi\u0105zku z powa\u017cnym stanem zdrowia arcybiskupa seniora J\u00f3zefa Michalika oraz konieczno\u015bci\u0105 wykonanie pilnej i trudnej operacji, bardzo prosimy o modlitw\u0119 w Jego intencji \u2013 prosz\u0105c Boga o&nbsp;si\u0142\u0119, pok\u00f3j serca i&nbsp;\u0142ask\u0119 uzdrowienia. Niech nasza wsp\u00f3lna modlitwa b\u0119dzie wyrazem wdzi\u0119czno\u015bci za Jego wieloletni\u0105, gorliw\u0105 pos\u0142ug\u0119 w Archidiecezji &hellip;<\/p>\n","protected":false},"author":2,"featured_media":1314,"comment_status":"closed","ping_status":"closed","sticky":false,"template":"","format":"standard","meta":{"ngg_post_thumbnail":0,"footnotes":""},"categories":[6],"tags":[],"class_list":["post-1313","post","type-post","status-publish","format-standard","has-post-thumbnail","hentry","category-aktualnosci"],"yoast_head":"<!-- This site is optimized with the Yoast SEO plugin v27.5 - https:\/\/yoast.com\/product\/yoast-seo-wordpress\/ -->\n<title>APEL O MODLITW\u0118 W INTENCJI ARCYBISKUPA SENIORA J\u00d3ZEFA MICHALIKA - Parafia pw. NMP Kr\u00f3lowej Polski w Ustrzykach Dolnych<\/title>\n<meta name=\"robots\" content=\"index, follow, max-snippet:-1, max-image-preview:large, max-video-preview:-1\" \/>\n<link rel=\"canonical\" href=\"https:\/\/parafiaustrzyki.pl\/index.php\/2025\/10\/30\/apel-o-modlitwe-w-intencji-arcybiskupa-seniora-jozefa-michalika\/\" \/>\n<meta property=\"og:locale\" content=\"pl_PL\" \/>\n<meta property=\"og:type\" content=\"article\" \/>\n<meta property=\"og:title\" content=\"APEL O MODLITW\u0118 W INTENCJI ARCYBISKUPA SENIORA J\u00d3ZEFA MICHALIKA - Parafia pw. NMP Kr\u00f3lowej Polski w Ustrzykach Dolnych\" \/>\n<meta property=\"og:description\" content=\"Drodzy Bracia i Siostry, w zwi\u0105zku z powa\u017cnym stanem zdrowia arcybiskupa seniora J\u00f3zefa Michalika oraz konieczno\u015bci\u0105 wykonanie pilnej i trudnej operacji, bardzo prosimy o modlitw\u0119 w Jego intencji \u2013 prosz\u0105c Boga o&nbsp;si\u0142\u0119, pok\u00f3j serca i&nbsp;\u0142ask\u0119 uzdrowienia. Niech nasza wsp\u00f3lna modlitwa b\u0119dzie wyrazem wdzi\u0119czno\u015bci za Jego wieloletni\u0105, gorliw\u0105 pos\u0142ug\u0119 w Archidiecezji &hellip;\" \/>\n<meta property=\"og:url\" content=\"https:\/\/parafiaustrzyki.pl\/index.php\/2025\/10\/30\/apel-o-modlitwe-w-intencji-arcybiskupa-seniora-jozefa-michalika\/\" \/>\n<meta property=\"og:site_name\" content=\"Parafia pw. NMP Kr\u00f3lowej Polski w Ustrzykach Dolnych\" \/>\n<meta property=\"article:published_time\" content=\"2025-10-30T05:25:28+00:00\" \/>\n<meta property=\"article:modified_time\" content=\"2025-10-30T15:31:16+00:00\" \/>\n<meta property=\"og:image\" content=\"https:\/\/parafiaustrzyki.pl\/wp-content\/uploads\/apel_o_modlitwe-530x353-1.jpg\" \/>\n\t<meta property=\"og:image:width\" content=\"530\" \/>\n\t<meta property=\"og:image:height\" content=\"353\" \/>\n\t<meta property=\"og:image:type\" content=\"image\/jpeg\" \/>\n<meta name=\"author\" content=\"admin\" \/>\n<meta name=\"twitter:card\" content=\"summary_large_image\" \/>\n<meta name=\"twitter:label1\" content=\"Napisane przez\" \/>\n\t<meta name=\"twitter:data1\" content=\"admin\" \/>\n\t<meta name=\"twitter:label2\" content=\"Szacowany czas czytania\" \/>\n\t<meta name=\"twitter:data2\" content=\"1 minuta\" \/>\n<script type=\"application\/ld+json\" class=\"yoast-schema-graph\">{\"@context\":\"https:\\\/\\\/schema.org\",\"@graph\":[{\"@type\":\"Article\",\"@id\":\"https:\\\/\\\/parafiaustrzyki.pl\\\/index.php\\\/2025\\\/10\\\/30\\\/apel-o-modlitwe-w-intencji-arcybiskupa-seniora-jozefa-michalika\\\/#article\",\"isPartOf\":{\"@id\":\"https:\\\/\\\/parafiaustrzyki.pl\\\/index.php\\\/2025\\\/10\\\/30\\\/apel-o-modlitwe-w-intencji-arcybiskupa-seniora-jozefa-michalika\\\/\"},\"author\":{\"name\":\"admin\",\"@id\":\"https:\\\/\\\/parafiaustrzyki.pl\\\/#\\\/schema\\\/person\\\/0093e7d61a4c4ca9a64b71422f505800\"},\"headline\":\"APEL O MODLITW\u0118 W INTENCJI ARCYBISKUPA SENIORA J\u00d3ZEFA MICHALIKA\",\"datePublished\":\"2025-10-30T05:25:28+00:00\",\"dateModified\":\"2025-10-30T15:31:16+00:00\",\"mainEntityOfPage\":{\"@id\":\"https:\\\/\\\/parafiaustrzyki.pl\\\/index.php\\\/2025\\\/10\\\/30\\\/apel-o-modlitwe-w-intencji-arcybiskupa-seniora-jozefa-michalika\\\/\"},\"wordCount\":135,\"image\":{\"@id\":\"https:\\\/\\\/parafiaustrzyki.pl\\\/index.php\\\/2025\\\/10\\\/30\\\/apel-o-modlitwe-w-intencji-arcybiskupa-seniora-jozefa-michalika\\\/#primaryimage\"},\"thumbnailUrl\":\"https:\\\/\\\/parafiaustrzyki.pl\\\/wp-content\\\/uploads\\\/apel_o_modlitwe-530x353-1.jpg\",\"articleSection\":[\"Aktualno\u015bci\"],\"inLanguage\":\"pl-PL\"},{\"@type\":\"WebPage\",\"@id\":\"https:\\\/\\\/parafiaustrzyki.pl\\\/index.php\\\/2025\\\/10\\\/30\\\/apel-o-modlitwe-w-intencji-arcybiskupa-seniora-jozefa-michalika\\\/\",\"url\":\"https:\\\/\\\/parafiaustrzyki.pl\\\/index.php\\\/2025\\\/10\\\/30\\\/apel-o-modlitwe-w-intencji-arcybiskupa-seniora-jozefa-michalika\\\/\",\"name\":\"APEL O MODLITW\u0118 W INTENCJI ARCYBISKUPA SENIORA J\u00d3ZEFA MICHALIKA - Parafia pw. NMP Kr\u00f3lowej Polski w Ustrzykach Dolnych\",\"isPartOf\":{\"@id\":\"https:\\\/\\\/parafiaustrzyki.pl\\\/#website\"},\"primaryImageOfPage\":{\"@id\":\"https:\\\/\\\/parafiaustrzyki.pl\\\/index.php\\\/2025\\\/10\\\/30\\\/apel-o-modlitwe-w-intencji-arcybiskupa-seniora-jozefa-michalika\\\/#primaryimage\"},\"image\":{\"@id\":\"https:\\\/\\\/parafiaustrzyki.pl\\\/index.php\\\/2025\\\/10\\\/30\\\/apel-o-modlitwe-w-intencji-arcybiskupa-seniora-jozefa-michalika\\\/#primaryimage\"},\"thumbnailUrl\":\"https:\\\/\\\/parafiaustrzyki.pl\\\/wp-content\\\/uploads\\\/apel_o_modlitwe-530x353-1.jpg\",\"datePublished\":\"2025-10-30T05:25:28+00:00\",\"dateModified\":\"2025-10-30T15:31:16+00:00\",\"author\":{\"@id\":\"https:\\\/\\\/parafiaustrzyki.pl\\\/#\\\/schema\\\/person\\\/0093e7d61a4c4ca9a64b71422f505800\"},\"breadcrumb\":{\"@id\":\"https:\\\/\\\/parafiaustrzyki.pl\\\/index.php\\\/2025\\\/10\\\/30\\\/apel-o-modlitwe-w-intencji-arcybiskupa-seniora-jozefa-michalika\\\/#breadcrumb\"},\"inLanguage\":\"pl-PL\",\"potentialAction\":[{\"@type\":\"ReadAction\",\"target\":[\"https:\\\/\\\/parafiaustrzyki.pl\\\/index.php\\\/2025\\\/10\\\/30\\\/apel-o-modlitwe-w-intencji-arcybiskupa-seniora-jozefa-michalika\\\/\"]}]},{\"@type\":\"ImageObject\",\"inLanguage\":\"pl-PL\",\"@id\":\"https:\\\/\\\/parafiaustrzyki.pl\\\/index.php\\\/2025\\\/10\\\/30\\\/apel-o-modlitwe-w-intencji-arcybiskupa-seniora-jozefa-michalika\\\/#primaryimage\",\"url\":\"https:\\\/\\\/parafiaustrzyki.pl\\\/wp-content\\\/uploads\\\/apel_o_modlitwe-530x353-1.jpg\",\"contentUrl\":\"https:\\\/\\\/parafiaustrzyki.pl\\\/wp-content\\\/uploads\\\/apel_o_modlitwe-530x353-1.jpg\",\"width\":530,\"height\":353},{\"@type\":\"BreadcrumbList\",\"@id\":\"https:\\\/\\\/parafiaustrzyki.pl\\\/index.php\\\/2025\\\/10\\\/30\\\/apel-o-modlitwe-w-intencji-arcybiskupa-seniora-jozefa-michalika\\\/#breadcrumb\",\"itemListElement\":[{\"@type\":\"ListItem\",\"position\":1,\"name\":\"Strona g\u0142\u00f3wna\",\"item\":\"https:\\\/\\\/parafiaustrzyki.pl\\\/\"},{\"@type\":\"ListItem\",\"position\":2,\"name\":\"APEL O MODLITW\u0118 W INTENCJI ARCYBISKUPA SENIORA J\u00d3ZEFA MICHALIKA\"}]},{\"@type\":\"WebSite\",\"@id\":\"https:\\\/\\\/parafiaustrzyki.pl\\\/#website\",\"url\":\"https:\\\/\\\/parafiaustrzyki.pl\\\/\",\"name\":\"Parafia pw. NMP Kr\u00f3lowej Polski w Ustrzykach Dolnych\",\"description\":\"Witamy w naszej parafii\",\"potentialAction\":[{\"@type\":\"SearchAction\",\"target\":{\"@type\":\"EntryPoint\",\"urlTemplate\":\"https:\\\/\\\/parafiaustrzyki.pl\\\/?s={search_term_string}\"},\"query-input\":{\"@type\":\"PropertyValueSpecification\",\"valueRequired\":true,\"valueName\":\"search_term_string\"}}],\"inLanguage\":\"pl-PL\"},{\"@type\":\"Person\",\"@id\":\"https:\\\/\\\/parafiaustrzyki.pl\\\/#\\\/schema\\\/person\\\/0093e7d61a4c4ca9a64b71422f505800\",\"name\":\"admin\",\"sameAs\":[\"https:\\\/\\\/parafiaustrzyki.pl\"],\"url\":\"https:\\\/\\\/parafiaustrzyki.pl\\\/index.php\\\/author\\\/admin-2\\\/\"}]}<\/script>\n<!-- \/ Yoast SEO plugin. -->","yoast_head_json":{"title":"APEL O MODLITW\u0118 W INTENCJI ARCYBISKUPA SENIORA J\u00d3ZEFA MICHALIKA - Parafia pw. NMP Kr\u00f3lowej Polski w Ustrzykach Dolnych","robots":{"index":"index","follow":"follow","max-snippet":"max-snippet:-1","max-image-preview":"max-image-preview:large","max-video-preview":"max-video-preview:-1"},"canonical":"https:\/\/parafiaustrzyki.pl\/index.php\/2025\/10\/30\/apel-o-modlitwe-w-intencji-arcybiskupa-seniora-jozefa-michalika\/","og_locale":"pl_PL","og_type":"article","og_title":"APEL O MODLITW\u0118 W INTENCJI ARCYBISKUPA SENIORA J\u00d3ZEFA MICHALIKA - Parafia pw. NMP Kr\u00f3lowej Polski w Ustrzykach Dolnych","og_description":"Drodzy Bracia i Siostry, w zwi\u0105zku z powa\u017cnym stanem zdrowia arcybiskupa seniora J\u00f3zefa Michalika oraz konieczno\u015bci\u0105 wykonanie pilnej i trudnej operacji, bardzo prosimy o modlitw\u0119 w Jego intencji \u2013 prosz\u0105c Boga o&nbsp;si\u0142\u0119, pok\u00f3j serca i&nbsp;\u0142ask\u0119 uzdrowienia. Niech nasza wsp\u00f3lna modlitwa b\u0119dzie wyrazem wdzi\u0119czno\u015bci za Jego wieloletni\u0105, gorliw\u0105 pos\u0142ug\u0119 w Archidiecezji &hellip;","og_url":"https:\/\/parafiaustrzyki.pl\/index.php\/2025\/10\/30\/apel-o-modlitwe-w-intencji-arcybiskupa-seniora-jozefa-michalika\/","og_site_name":"Parafia pw. NMP Kr\u00f3lowej Polski w Ustrzykach Dolnych","article_published_time":"2025-10-30T05:25:28+00:00","article_modified_time":"2025-10-30T15:31:16+00:00","og_image":[{"width":530,"height":353,"url":"https:\/\/parafiaustrzyki.pl\/wp-content\/uploads\/apel_o_modlitwe-530x353-1.jpg","type":"image\/jpeg"}],"author":"admin","twitter_card":"summary_large_image","twitter_misc":{"Napisane przez":"admin","Szacowany czas czytania":"1 minuta"},"schema":{"@context":"https:\/\/schema.org","@graph":[{"@type":"Article","@id":"https:\/\/parafiaustrzyki.pl\/index.php\/2025\/10\/30\/apel-o-modlitwe-w-intencji-arcybiskupa-seniora-jozefa-michalika\/#article","isPartOf":{"@id":"https:\/\/parafiaustrzyki.pl\/index.php\/2025\/10\/30\/apel-o-modlitwe-w-intencji-arcybiskupa-seniora-jozefa-michalika\/"},"author":{"name":"admin","@id":"https:\/\/parafiaustrzyki.pl\/#\/schema\/person\/0093e7d61a4c4ca9a64b71422f505800"},"headline":"APEL O MODLITW\u0118 W INTENCJI ARCYBISKUPA SENIORA J\u00d3ZEFA MICHALIKA","datePublished":"2025-10-30T05:25:28+00:00","dateModified":"2025-10-30T15:31:16+00:00","mainEntityOfPage":{"@id":"https:\/\/parafiaustrzyki.pl\/index.php\/2025\/10\/30\/apel-o-modlitwe-w-intencji-arcybiskupa-seniora-jozefa-michalika\/"},"wordCount":135,"image":{"@id":"https:\/\/parafiaustrzyki.pl\/index.php\/2025\/10\/30\/apel-o-modlitwe-w-intencji-arcybiskupa-seniora-jozefa-michalika\/#primaryimage"},"thumbnailUrl":"https:\/\/parafiaustrzyki.pl\/wp-content\/uploads\/apel_o_modlitwe-530x353-1.jpg","articleSection":["Aktualno\u015bci"],"inLanguage":"pl-PL"},{"@type":"WebPage","@id":"https:\/\/parafiaustrzyki.pl\/index.php\/2025\/10\/30\/apel-o-modlitwe-w-intencji-arcybiskupa-seniora-jozefa-michalika\/","url":"https:\/\/parafiaustrzyki.pl\/index.php\/2025\/10\/30\/apel-o-modlitwe-w-intencji-arcybiskupa-seniora-jozefa-michalika\/","name":"APEL O MODLITW\u0118 W INTENCJI ARCYBISKUPA SENIORA J\u00d3ZEFA MICHALIKA - Parafia pw. NMP Kr\u00f3lowej Polski w Ustrzykach Dolnych","isPartOf":{"@id":"https:\/\/parafiaustrzyki.pl\/#website"},"primaryImageOfPage":{"@id":"https:\/\/parafiaustrzyki.pl\/index.php\/2025\/10\/30\/apel-o-modlitwe-w-intencji-arcybiskupa-seniora-jozefa-michalika\/#primaryimage"},"image":{"@id":"https:\/\/parafiaustrzyki.pl\/index.php\/2025\/10\/30\/apel-o-modlitwe-w-intencji-arcybiskupa-seniora-jozefa-michalika\/#primaryimage"},"thumbnailUrl":"https:\/\/parafiaustrzyki.pl\/wp-content\/uploads\/apel_o_modlitwe-530x353-1.jpg","datePublished":"2025-10-30T05:25:28+00:00","dateModified":"2025-10-30T15:31:16+00:00","author":{"@id":"https:\/\/parafiaustrzyki.pl\/#\/schema\/person\/0093e7d61a4c4ca9a64b71422f505800"},"breadcrumb":{"@id":"https:\/\/parafiaustrzyki.pl\/index.php\/2025\/10\/30\/apel-o-modlitwe-w-intencji-arcybiskupa-seniora-jozefa-michalika\/#breadcrumb"},"inLanguage":"pl-PL","potentialAction":[{"@type":"ReadAction","target":["https:\/\/parafiaustrzyki.pl\/index.php\/2025\/10\/30\/apel-o-modlitwe-w-intencji-arcybiskupa-seniora-jozefa-michalika\/"]}]},{"@type":"ImageObject","inLanguage":"pl-PL","@id":"https:\/\/parafiaustrzyki.pl\/index.php\/2025\/10\/30\/apel-o-modlitwe-w-intencji-arcybiskupa-seniora-jozefa-michalika\/#primaryimage","url":"https:\/\/parafiaustrzyki.pl\/wp-content\/uploads\/apel_o_modlitwe-530x353-1.jpg","contentUrl":"https:\/\/parafiaustrzyki.pl\/wp-content\/uploads\/apel_o_modlitwe-530x353-1.jpg","width":530,"height":353},{"@type":"BreadcrumbList","@id":"https:\/\/parafiaustrzyki.pl\/index.php\/2025\/10\/30\/apel-o-modlitwe-w-intencji-arcybiskupa-seniora-jozefa-michalika\/#breadcrumb","itemListElement":[{"@type":"ListItem","position":1,"name":"Strona g\u0142\u00f3wna","item":"https:\/\/parafiaustrzyki.pl\/"},{"@type":"ListItem","position":2,"name":"APEL O MODLITW\u0118 W INTENCJI ARCYBISKUPA SENIORA J\u00d3ZEFA MICHALIKA"}]},{"@type":"WebSite","@id":"https:\/\/parafiaustrzyki.pl\/#website","url":"https:\/\/parafiaustrzyki.pl\/","name":"Parafia pw. NMP Kr\u00f3lowej Polski w Ustrzykach Dolnych","description":"Witamy w naszej parafii","potentialAction":[{"@type":"SearchAction","target":{"@type":"EntryPoint","urlTemplate":"https:\/\/parafiaustrzyki.pl\/?s={search_term_string}"},"query-input":{"@type":"PropertyValueSpecification","valueRequired":true,"valueName":"search_term_string"}}],"inLanguage":"pl-PL"},{"@type":"Person","@id":"https:\/\/parafiaustrzyki.pl\/#\/schema\/person\/0093e7d61a4c4ca9a64b71422f505800","name":"admin","sameAs":["https:\/\/parafiaustrzyki.pl"],"url":"https:\/\/parafiaustrzyki.pl\/index.php\/author\/admin-2\/"}]}},"jetpack_featured_media_url":"https:\/\/parafiaustrzyki.pl\/wp-content\/uploads\/apel_o_modlitwe-530x353-1.jpg","jetpack-related-posts":[{"id":1319,"url":"https:\/\/parafiaustrzyki.pl\/index.php\/2025\/10\/31\/komunikat-o-stanie-zdrowia-abp-jozefa-michalika\/","url_meta":{"origin":1313,"position":0},"title":"KOMUNIKAT O STANIE ZDROWIA ABP. J\u00d3ZEFA MICHALIKA","author":"admin","date":"31 pa\u017adziernika 2025","format":false,"excerpt":"Kuria Metropolitalna w Przemy\u015blu informuje, \u017ce Arcybiskup Senior J\u00f3zef Michalik przeszed\u0142 wczoraj zabieg kardiologiczny. Operacja przebieg\u0142a pomy\u015blnie i bez \u017cadnych komplikacji. Stan zdrowia Arcybiskupa jest stabilny, a proces rekonwalescencji przebiega zgodnie z oczekiwaniami lekarzy. Arcybiskup J\u00f3zef serdecznie dzi\u0119kuje wszystkim za okazan\u0105 trosk\u0119 i modlitw\u0119. Prosimy o dalsze duchowe wsparcie w\u2026","rel":"","context":"W \u201eAktualno\u015bci&quot;","block_context":{"text":"Aktualno\u015bci","link":"https:\/\/parafiaustrzyki.pl\/index.php\/category\/aktualnosci\/"},"img":{"alt_text":"","src":"https:\/\/i0.wp.com\/parafiaustrzyki.pl\/wp-content\/uploads\/abp_Michalik.jpg?resize=350%2C200&ssl=1","width":350,"height":200,"srcset":"https:\/\/i0.wp.com\/parafiaustrzyki.pl\/wp-content\/uploads\/abp_Michalik.jpg?resize=350%2C200&ssl=1 1x, https:\/\/i0.wp.com\/parafiaustrzyki.pl\/wp-content\/uploads\/abp_Michalik.jpg?resize=525%2C300&ssl=1 1.5x"},"classes":[]},{"id":1626,"url":"https:\/\/parafiaustrzyki.pl\/index.php\/2025\/12\/01\/rusza-akcja-pt-adopcja-modlitewna-maturzystow\/","url_meta":{"origin":1313,"position":1},"title":"RUSZA AKCJA PT. ADOPCJA MODLITEWNA MATURZYST\u00d3W","author":"admin","date":"1 grudnia 2025","format":false,"excerpt":"Redakcja Radia FARA wystartowa\u0142a z\u00a0kolejn\u0105 edycj\u0105 akcji pt.\u00a0Adopcja modlitewna maturzyst\u00f3w. \u2013 To\u00a0okazja do\u00a0podj\u0119cia modlitwy za\u00a0uczni\u00f3w klas maturalnych, kt\u00f3rzy\u00a0poprosili nas o\u00a0t\u0119\u00a0duchow\u0105 opiek\u0119, w\u00a0drodze do\u00a0egzamin\u00f3w \u2013 m\u00f3wi ks.\u00a0Andrzej Bienia, dyrektor Radia FARA i\u00a0pomys\u0142odawca akcji. \u2013 Ka\u017cdemu maturzy\u015bcie przypisujemy jedn\u0105 osob\u0119 i\u00a0modlimy si\u0119 a\u017c\u00a0do\u00a0wrze\u015bnia kolejnego roku, tak\u00a0aby podprowadzi\u0107 ich a\u017c\u00a0na\u00a0studia. O\u00a0akcji maturzy\u015bci us\u0142yszeli\u2026","rel":"","context":"W \u201eAktualno\u015bci&quot;","block_context":{"text":"Aktualno\u015bci","link":"https:\/\/parafiaustrzyki.pl\/index.php\/category\/aktualnosci\/"},"img":{"alt_text":"","src":"https:\/\/i0.wp.com\/parafiaustrzyki.pl\/wp-content\/uploads\/maturzysci_2026_m.png?resize=350%2C200&ssl=1","width":350,"height":200,"srcset":"https:\/\/i0.wp.com\/parafiaustrzyki.pl\/wp-content\/uploads\/maturzysci_2026_m.png?resize=350%2C200&ssl=1 1x, https:\/\/i0.wp.com\/parafiaustrzyki.pl\/wp-content\/uploads\/maturzysci_2026_m.png?resize=525%2C300&ssl=1 1.5x"},"classes":[]},{"id":2725,"url":"https:\/\/parafiaustrzyki.pl\/index.php\/2026\/04\/29\/dyspensa-w-dniu-01-maja-2026\/","url_meta":{"origin":1313,"position":2},"title":"DYSPENSA W DNIU 01 MAJA 2026","author":"admin","date":"29 kwietnia 2026","format":false,"excerpt":"\u00a0 Arcybiskup Metropolita Przemyski Adam Szal udzieli\u0142 dyspensy od charakteru pokutnego, w tym od zachowania wstrzemi\u0119\u017aliwo\u015bci od spo\u017cywania pokarm\u00f3w mi\u0119snych, w pi\u0105tek 1 maja 2026 r., wszystkim wiernym Archidiecezji Przemyskiej, a tak\u017ce innym osobom przebywaj\u0105cym w tym dniu na terenie Archidiecezji. Jednocze\u015bnie Arcybiskup zobowi\u0105za\u0142 wszystkich korzystaj\u0105cych z dyspensy do z\u0142o\u017cenia\u2026","rel":"","context":"W \u201eAktualno\u015bci&quot;","block_context":{"text":"Aktualno\u015bci","link":"https:\/\/parafiaustrzyki.pl\/index.php\/category\/aktualnosci\/"},"img":{"alt_text":"","src":"https:\/\/i0.wp.com\/parafiaustrzyki.pl\/wp-content\/uploads\/abpASzal_logo.jpg?resize=350%2C200&ssl=1","width":350,"height":200},"classes":[]},{"id":2184,"url":"https:\/\/parafiaustrzyki.pl\/index.php\/2026\/02\/18\/list-pasterski-metropolity-przemyskiego-na-wielki-post-2026\/","url_meta":{"origin":1313,"position":3},"title":"LIST PASTERSKI METROPOLITY PRZEMYSKIEGO NA WIELKI POST 2026","author":"admin","date":"18 lutego 2026","format":false,"excerpt":"LIST PASTERSKI Metropolity Przemyskiego na Wielki Post 2026 W\u0142asnym przyk\u0142adem u\u015bwi\u0119ci\u0107 okres pokuty Drodzy Bracia i Siostry! W \u015arod\u0119 Popielcow\u0105 rozpocz\u0119li\u015bmy liturgiczny okres Wielkiego Postu. To czas g\u0142\u0119bokiej zadumy nad Bogiem, kt\u00f3ry z mi\u0142o\u015bci do cz\u0142owieka nie oszcz\u0119dzi\u0142 w\u0142asnego Syna, lecz za nas Go ofiarowa\u0142. Ka\u017cdy mijany przez nas krzy\u017c,\u2026","rel":"","context":"W \u201eAktualno\u015bci&quot;","block_context":{"text":"Aktualno\u015bci","link":"https:\/\/parafiaustrzyki.pl\/index.php\/category\/aktualnosci\/"},"img":{"alt_text":"","src":"https:\/\/i0.wp.com\/parafiaustrzyki.pl\/wp-content\/uploads\/list_pasterski_WielkiPost2026.png?resize=350%2C200&ssl=1","width":350,"height":200,"srcset":"https:\/\/i0.wp.com\/parafiaustrzyki.pl\/wp-content\/uploads\/list_pasterski_WielkiPost2026.png?resize=350%2C200&ssl=1 1x, https:\/\/i0.wp.com\/parafiaustrzyki.pl\/wp-content\/uploads\/list_pasterski_WielkiPost2026.png?resize=525%2C300&ssl=1 1.5x"},"classes":[]},{"id":1176,"url":"https:\/\/parafiaustrzyki.pl\/index.php\/2025\/10\/11\/dzien-papieski-12-pazdziernika-2025-r\/","url_meta":{"origin":1313,"position":4},"title":"DZIE\u0143 PAPIESKI &#8211; 12 PA\u0179DZIERNIKA 2025 r.","author":"admin","date":"11 pa\u017adziernika 2025","format":false,"excerpt":"W niedziel\u0119, 12 pa\u017adziernika 2025 r., obchodzimy w ca\u0142ej Polsce XXV Dzie\u0144 Papieski pod has\u0142em \u201eZ nadziej\u0105 ku przysz\u0142o\u015bci\u201d. To szczeg\u00f3lny czas wdzi\u0119czno\u015bci za pontyfikat \u015bw. Jana Paw\u0142a II oraz okazja do modlitwy w intencji m\u0142odego pokolenia.\u00a0W naszej parafii po ka\u017cdej Mszy \u015awi\u0119tej odb\u0119dzie si\u0119 zbi\u00f3rka do puszek na fundusz\u2026","rel":"","context":"W \u201eAktualno\u015bci&quot;","block_context":{"text":"Aktualno\u015bci","link":"https:\/\/parafiaustrzyki.pl\/index.php\/category\/aktualnosci\/"},"img":{"alt_text":"","src":"https:\/\/i0.wp.com\/parafiaustrzyki.pl\/wp-content\/uploads\/Dzien-Papieski_2025.jpg?resize=350%2C200&ssl=1","width":350,"height":200,"srcset":"https:\/\/i0.wp.com\/parafiaustrzyki.pl\/wp-content\/uploads\/Dzien-Papieski_2025.jpg?resize=350%2C200&ssl=1 1x, https:\/\/i0.wp.com\/parafiaustrzyki.pl\/wp-content\/uploads\/Dzien-Papieski_2025.jpg?resize=525%2C300&ssl=1 1.5x"},"classes":[]},{"id":1773,"url":"https:\/\/parafiaustrzyki.pl\/index.php\/2026\/01\/17\/1773\/","url_meta":{"origin":1313,"position":5},"title":"PODZI\u0118KOWANIE OD SI\u00d3STR SERAFITEK","author":"admin","date":"17 stycznia 2026","format":false,"excerpt":"Krak\u00f3w, 12.01.2026 r. PODZI\u0118KOWANIE W imieniu Si\u00f3str misjonarek ze Zgromadzenia C\u00f3rek Matki Bo\u017cej Bolesnej (Si\u00f3str Serafitek), pos\u0142uguj\u0105cych w Afryce i Ameryce Po\u0142udniowej, dzi\u0119kuj\u0119 Wsp\u00f3lnocie Parafii Naj\u015bwi\u0119tszej Maryi Panny Kr\u00f3lowej Polski w Ustrzykach Dolnych za dar modlitwy w intencji misji i misjonarzy oraz ofiary pieni\u0119\u017cne. Dzi\u0119kuj\u0119 wszystkim Kol\u0119dnikom Misyjnym, kt\u00f3rzy podj\u0119li\u2026","rel":"","context":"W \u201eAktualno\u015bci&quot;","block_context":{"text":"Aktualno\u015bci","link":"https:\/\/parafiaustrzyki.pl\/index.php\/category\/aktualnosci\/"},"img":{"alt_text":"","src":"https:\/\/i0.wp.com\/parafiaustrzyki.pl\/wp-content\/uploads\/Podziekowanie_Siostry.png?resize=350%2C200&ssl=1","width":350,"height":200,"srcset":"https:\/\/i0.wp.com\/parafiaustrzyki.pl\/wp-content\/uploads\/Podziekowanie_Siostry.png?resize=350%2C200&ssl=1 1x, https:\/\/i0.wp.com\/parafiaustrzyki.pl\/wp-content\/uploads\/Podziekowanie_Siostry.png?resize=525%2C300&ssl=1 1.5x"},"classes":[]}],"_links":{"self":[{"href":"https:\/\/parafiaustrzyki.pl\/index.php\/wp-json\/wp\/v2\/posts\/1313","targetHints":{"allow":["GET"]}}],"collection":[{"href":"https:\/\/parafiaustrzyki.pl\/index.php\/wp-json\/wp\/v2\/posts"}],"about":[{"href":"https:\/\/parafiaustrzyki.pl\/index.php\/wp-json\/wp\/v2\/types\/post"}],"author":[{"embeddable":true,"href":"https:\/\/parafiaustrzyki.pl\/index.php\/wp-json\/wp\/v2\/users\/2"}],"replies":[{"embeddable":true,"href":"https:\/\/parafiaustrzyki.pl\/index.php\/wp-json\/wp\/v2\/comments?post=1313"}],"version-history":[{"count":2,"href":"https:\/\/parafiaustrzyki.pl\/index.php\/wp-json\/wp\/v2\/posts\/1313\/revisions"}],"predecessor-version":[{"id":1318,"href":"https:\/\/parafiaustrzyki.pl\/index.php\/wp-json\/wp\/v2\/posts\/1313\/revisions\/1318"}],"wp:featuredmedia":[{"embeddable":true,"href":"https:\/\/parafiaustrzyki.pl\/index.php\/wp-json\/wp\/v2\/media\/1314"}],"wp:attachment":[{"href":"https:\/\/parafiaustrzyki.pl\/index.php\/wp-json\/wp\/v2\/media?parent=1313"}],"wp:term":[{"taxonomy":"category","embeddable":true,"href":"https:\/\/parafiaustrzyki.pl\/index.php\/wp-json\/wp\/v2\/categories?post=1313"},{"taxonomy":"post_tag","embeddable":true,"href":"https:\/\/parafiaustrzyki.pl\/index.php\/wp-json\/wp\/v2\/tags?post=1313"}],"curies":[{"name":"wp","href":"https:\/\/api.w.org\/{rel}","templated":true}]}}